{"id":47499,"date":"2026-03-16T19:04:41","date_gmt":"2026-03-16T18:04:41","guid":{"rendered":"https:\/\/www.docenti.it\/blog\/?p=47499"},"modified":"2026-03-16T19:04:42","modified_gmt":"2026-03-16T18:04:42","slug":"mobilita-docenti-2026-come-funzionano-i-vincoli-di-permanenza","status":"publish","type":"post","link":"https:\/\/www.docenti.it\/blog\/mobilita-docenti-2026-come-funzionano-i-vincoli-di-permanenza\/","title":{"rendered":"Mobilit\u00e0 docenti 2026: come funzionano i vincoli di permanenza?"},"content":{"rendered":"\n<p>La <strong>mobilit\u00e0 docenti 2026<\/strong> rappresenta uno degli appuntamenti pi\u00f9 importanti per il personale scolastico che desidera cambiare sede o ruolo nell\u2019anno scolastico <strong>2026\/2027<\/strong>. <\/p>\n\n\n\n<p>Con la <strong>nota ministeriale n. 6314 del 13 marzo 2026<\/strong>, il Ministero dell\u2019Istruzione e del Merito ha trasmesso l\u2019<strong>Ordinanza Ministeriale sulla mobilit\u00e0 del personale docente, educativo e ATA<\/strong>, insieme all\u2019ordinanza dedicata agli insegnanti di religione cattolica.<\/p>\n\n\n\n<p>Il provvedimento include anche il <strong>Contratto Collettivo Nazionale Integrativo (CCNI)<\/strong> e una dichiarazione congiunta relativa alla <strong>valutazione dei punteggi per il personale ATA<\/strong>.<\/p>\n\n\n\n<p>In questa guida aggiornata analizziamo <strong>date, vincoli, punteggi e regole principali della mobilit\u00e0 docenti 2026<\/strong>.<\/p>\n\n\n\n<p><\/p>\n\n\n\n<h2>Mobilit\u00e0 docenti 2026: date e scadenze per la domanda<\/h2>\n\n\n\n<p>Le <strong>domande di mobilit\u00e0 docenti 2026<\/strong> devono essere presentate <strong>dal 16 marzo al 2 aprile 2026<\/strong> attraverso la procedura online del Ministero.<\/p>\n\n\n\n<p>Questa finestra riguarda:<\/p>\n\n\n\n<ul>\n<li><strong>trasferimenti di sede<\/strong><\/li>\n\n\n\n<li><strong>passaggi di ruolo<\/strong><\/li>\n\n\n\n<li><strong>passaggi di cattedra<\/strong><\/li>\n<\/ul>\n\n\n\n<p>La <strong>pubblicazione dei movimenti<\/strong> \u00e8 prevista per il <strong>29 maggio 2026<\/strong>. In questa data i docenti potranno conoscere l\u2019esito della domanda di mobilit\u00e0.<\/p>\n\n\n\n<p>Rispettare le scadenze \u00e8 fondamentale: le richieste presentate oltre i termini non verranno prese in considerazione.<\/p>\n\n\n\n<p><\/p>\n\n\n\n<h2>Vincoli nella mobilit\u00e0 docenti 2026<\/h2>\n\n\n\n<p>Uno dei temi pi\u00f9 discussi della <strong>mobilit\u00e0 docenti 2026<\/strong> riguarda i <strong>vincoli di permanenza nella scuola di titolarit\u00e0<\/strong>.<\/p>\n\n\n\n<h3>Vincolo triennale per i trasferimenti<\/h3>\n\n\n\n<p>I docenti che ottengono un movimento su una <strong>scuola indicata puntualmente nella domanda<\/strong> devono restare nella sede assegnata per <strong>tre anni<\/strong>.<\/p>\n\n\n\n<p>Lo stesso vincolo si applica anche ai docenti <strong>immessi in ruolo dall\u2019anno scolastico 2023\/2024<\/strong>, che devono rimanere per tre anni nella scuola in cui svolgono il <strong>periodo di prova<\/strong>.<\/p>\n\n\n\n<h3>Deroghe previste<\/h3>\n\n\n\n<p>La normativa prevede alcune eccezioni al vincolo triennale. Possono chiedere mobilit\u00e0 anche prima dei tre anni:<\/p>\n\n\n\n<ul>\n<li><strong>genitori con figli di et\u00e0 inferiore ai 14 anni<\/strong><\/li>\n\n\n\n<li>docenti che rientrano in particolari condizioni previste dalla normativa<\/li>\n<\/ul>\n\n\n\n<p>Non \u00e8 pi\u00f9 prevista invece la deroga per <strong>l\u2019assistenza a genitori ultrasessantacinquenni<\/strong>, che in passato consentiva di superare il vincolo.<\/p>\n\n\n\n<p><\/p>\n\n\n\n<h2>Mobilit\u00e0 docenti 2026: regole per i posti di sostegno<\/h2>\n\n\n\n<p>Per i docenti che lavorano su <strong>posti di sostegno<\/strong> rimane l\u2019obbligo di permanenza <strong>quinquennale<\/strong> sulla stessa tipologia di posto.<\/p>\n\n\n\n<p>Il conteggio del quinquennio include anche <strong>l\u2019anno scolastico in corso<\/strong>.<\/p>\n\n\n\n<h3>Educazione motoria nella scuola primaria<\/h3>\n\n\n\n<p>Un\u2019altra novit\u00e0 riguarda l\u2019<strong>educazione motoria nella scuola primaria<\/strong>. I movimenti verso questi posti vengono ora considerati <strong>passaggi di cattedra<\/strong>, con le relative regole previste dal contratto.<\/p>\n\n\n\n<h3>Domande fuori termine per le vittime di violenza<\/h3>\n\n\n\n<p>Le <strong>docenti vittime di violenza di genere<\/strong>, inserite in percorsi di protezione certificati, possono presentare domanda di mobilit\u00e0 <strong>in qualsiasi momento dell\u2019anno<\/strong>, senza dover rispettare le scadenze ordinarie.<\/p>\n\n\n\n<p><\/p>\n\n\n\n<h2>Come vengono calcolati i punteggi nella mobilit\u00e0 docenti 2026<\/h2>\n\n\n\n<p>Il <strong>punteggio<\/strong> \u00e8 uno degli elementi pi\u00f9 importanti nelle graduatorie della <strong>mobilit\u00e0 docenti 2026<\/strong>.<\/p>\n\n\n\n<p>Nella <strong>mobilit\u00e0 d\u2019ufficio<\/strong>, il servizio pre-ruolo viene valutato in questo modo:<\/p>\n\n\n\n<ul>\n<li><strong>5 punti per ogni anno<\/strong> se il servizio \u00e8 stato svolto nello stesso ruolo di titolarit\u00e0<\/li>\n\n\n\n<li><strong>3 punti per ogni anno<\/strong> se il servizio \u00e8 stato svolto in un ruolo diverso<\/li>\n<\/ul>\n\n\n\n<p>Oltre al servizio, conta molto anche la <strong>continuit\u00e0 didattica nella stessa scuola<\/strong>.<\/p>\n\n\n\n<p><\/p>\n\n\n\n<h2>Punteggio continuit\u00e0 nella mobilit\u00e0 docenti 2026<\/h2>\n\n\n\n<p>Il <strong>punteggio per la continuit\u00e0 didattica<\/strong> premia i docenti che insegnano per pi\u00f9 anni nella stessa scuola, nella stessa classe di concorso e nello stesso ordine di scuola.<\/p>\n\n\n\n<p>Secondo la tabella di valutazione dei titoli:<\/p>\n\n\n\n<ul>\n<li><strong>12 punti<\/strong> per i primi tre anni di servizio (escluso l\u2019anno in corso)<\/li>\n\n\n\n<li><strong>5 punti per ogni anno<\/strong> nel quarto e quinto anno<\/li>\n\n\n\n<li><strong>6 punti per ogni anno<\/strong> dal sesto anno in poi<\/li>\n<\/ul>\n\n\n\n<p>Questo sistema favorisce la <strong>stabilit\u00e0 del personale docente<\/strong> nelle istituzioni scolastiche.<\/p>\n\n\n\n<p><\/p>\n\n\n\n<h2>Accorpamento delle classi di concorso: cosa cambia<\/h2>\n\n\n\n<p>Con il <strong>Decreto Ministeriale n. 255 del 2023<\/strong> sono state accorpate diverse <strong>classi di concorso<\/strong>.<\/p>\n\n\n\n<p>Molti docenti si chiedono se questo cambiamento permetta di <strong>mantenere il punteggio di continuit\u00e0<\/strong> quando si passa da un ordine di scuola a un altro.<\/p>\n\n\n\n<p>La risposta \u00e8 <strong>no<\/strong>.<\/p>\n\n\n\n<p>L\u2019accorpamento delle classi di concorso <strong>non comporta automaticamente il riconoscimento della continuit\u00e0 didattica<\/strong> tra ordini di scuola diversi.<\/p>\n\n\n\n<p><\/p>\n\n\n\n<h2>Continuit\u00e0 didattica e cambio di ordine di scuola<\/h2>\n\n\n\n<p>Il <strong>CCNI 2025-2028<\/strong> stabilisce che il punteggio di continuit\u00e0 si accumula solo quando il docente lavora:<\/p>\n\n\n\n<ul>\n<li>nella <strong>stessa classe di concorso o tipologia di posto<\/strong><\/li>\n\n\n\n<li>nello <strong>stesso ordine di scuola<\/strong><\/li>\n<\/ul>\n\n\n\n<p>Questo significa che un docente che chiede il trasferimento <strong>dalla scuola secondaria di primo grado alla secondaria di secondo grado<\/strong>, anche con classi di concorso accorpate, <strong>perde il punteggio di continuit\u00e0 maturato nel primo grado<\/strong>.<\/p>\n\n\n\n<p><\/p>\n\n\n\n<h2>Mobilit\u00e0 docenti 2026: classi di concorso accorpate ma ruoli separati<\/h2>\n\n\n\n<p>In conclusione, il <strong>DM 255\/2023<\/strong> ha ampliato le possibilit\u00e0 di insegnamento ma <strong>non ha unificato i ruoli tra i diversi ordini di scuola<\/strong>.<\/p>\n\n\n\n<p>Di conseguenza:<\/p>\n\n\n\n<ul>\n<li>l\u2019accorpamento riconosce <strong>l\u2019abilitazione all\u2019insegnamento<\/strong> in pi\u00f9 classi di concorso<\/li>\n\n\n\n<li>i <strong>ruoli restano distinti<\/strong> tra i diversi ordini di scuola<\/li>\n\n\n\n<li>il <strong>punteggio di continuit\u00e0 non si trasferisce automaticamente<\/strong><\/li>\n<\/ul>\n\n\n\n<p>Per questo motivo, chi intende presentare domanda nella <strong>mobilit\u00e0 docenti 2026<\/strong> deve valutare attentamente le conseguenze di un eventuale cambio di ordine di scuola.<\/p>\n\n\n\n<p><em>Se hai trovato utile questo contenuto, prova a dare un&#8217;occhiata a questo: <\/em><\/p>\n\n\n<p><em><strong><span style=\"color: #800000;\"><a style=\"color: #800000;\" href=\"https:\/\/www.docenti.it\/blog\/mobilita-scuola-2026-cosa-cambia-per-docenti-e-personale-ata\/\">Mobilit\u00e0 docenti e ATA: cosa cambia nel 2026?<\/a><\/span><\/strong><\/em><\/p>\n\n\n<p>Per ulteriori news e approfondimenti sul mondo scuola, segui il\u00a0<strong><a href=\"https:\/\/www.docenti.it\/blog\/\" target=\"_blank\" rel=\"noreferrer noopener\">blog\u00a0<\/a><\/strong>di\u00a0<strong><a href=\"https:\/\/www.docenti.it\/\" target=\"_blank\" rel=\"noreferrer noopener\">Docenti.it<\/a><\/strong><\/p>\n\n\n\n<p><\/p>\n","protected":false},"excerpt":{"rendered":"<p>La mobilit\u00e0 docenti 2026 rappresenta uno degli appuntamenti pi\u00f9 importanti per il personale scolastico [&hellip;]<\/p>\n","protected":false},"author":25,"featured_media":44933,"comment_status":"open","ping_status":"open","sticky":false,"template":"","format":"standard","meta":[],"categories":[4],"tags":[1089,397,1101,404],"yoast_head":"<!-- This site is optimized with the Yoast SEO plugin v20.4 - https:\/\/yoast.com\/wordpress\/plugins\/seo\/ -->\n<title>Mobilit\u00e0-docenti-2026-come-funzionano-i-vincoli-di-permanenza<\/title>\n<meta name=\"description\" content=\"Mobilit\u00e0 docenti 2026: domande, scadenze, vincoli triennali, punteggio continuit\u00e0 e accorpamento classi di concorso.\" \/>\n<meta name=\"robots\" content=\"index, follow, max-snippet:-1, max-image-preview:large, max-video-preview:-1\" \/>\n<link rel=\"canonical\" href=\"https:\/\/www.docenti.it\/blog\/mobilita-docenti-2026-come-funzionano-i-vincoli-di-permanenza\/\" \/>\n<meta property=\"og:locale\" content=\"it_IT\" \/>\n<meta property=\"og:type\" content=\"article\" \/>\n<meta property=\"og:title\" content=\"Mobilit\u00e0-docenti-2026-come-funzionano-i-vincoli-di-permanenza\" \/>\n<meta property=\"og:description\" content=\"Mobilit\u00e0 docenti 2026: domande, scadenze, vincoli triennali, punteggio continuit\u00e0 e accorpamento classi di concorso.\" \/>\n<meta property=\"og:url\" content=\"https:\/\/www.docenti.it\/blog\/mobilita-docenti-2026-come-funzionano-i-vincoli-di-permanenza\/\" \/>\n<meta property=\"og:site_name\" content=\"Blog | Docenti.it\" \/>\n<meta property=\"article:publisher\" content=\"https:\/\/www.facebook.com\/docenti.it\" \/>\n<meta property=\"article:published_time\" content=\"2026-03-16T18:04:41+00:00\" \/>\n<meta property=\"article:modified_time\" content=\"2026-03-16T18:04:42+00:00\" \/>\n<meta property=\"og:image\" content=\"https:\/\/www.docenti.it\/blog\/wp-content\/uploads\/2023\/02\/business-idea-g34519b7b1_640.jpg\" \/>\n\t<meta property=\"og:image:width\" content=\"640\" \/>\n\t<meta property=\"og:image:height\" content=\"427\" \/>\n\t<meta property=\"og:image:type\" content=\"image\/jpeg\" \/>\n<meta name=\"author\" content=\"Gabriella Capraro\" \/>\n<meta name=\"twitter:card\" content=\"summary_large_image\" \/>\n<meta name=\"twitter:label1\" content=\"Written by\" \/>\n\t<meta name=\"twitter:data1\" content=\"Gabriella Capraro\" \/>\n\t<meta name=\"twitter:label2\" content=\"Est. reading time\" \/>\n\t<meta name=\"twitter:data2\" content=\"4 minuti\" \/>\n<script type=\"application\/ld+json\" class=\"yoast-schema-graph\">{\"@context\":\"https:\/\/schema.org\",\"@graph\":[{\"@type\":\"Article\",\"@id\":\"https:\/\/www.docenti.it\/blog\/mobilita-docenti-2026-come-funzionano-i-vincoli-di-permanenza\/#article\",\"isPartOf\":{\"@id\":\"https:\/\/www.docenti.it\/blog\/mobilita-docenti-2026-come-funzionano-i-vincoli-di-permanenza\/\"},\"author\":{\"name\":\"Gabriella Capraro\",\"@id\":\"https:\/\/www.docenti.it\/blog\/#\/schema\/person\/773963d3c0645bd34c150c41a13e5754\"},\"headline\":\"Mobilit\u00e0 docenti 2026: come funzionano i vincoli di permanenza?\",\"datePublished\":\"2026-03-16T18:04:41+00:00\",\"dateModified\":\"2026-03-16T18:04:42+00:00\",\"mainEntityOfPage\":{\"@id\":\"https:\/\/www.docenti.it\/blog\/mobilita-docenti-2026-come-funzionano-i-vincoli-di-permanenza\/\"},\"wordCount\":829,\"commentCount\":0,\"publisher\":{\"@id\":\"https:\/\/www.docenti.it\/blog\/#organization\"},\"keywords\":[\"mobilit\u00e0 2026\",\"mobilit\u00e0 docenti\",\"mobilit\u00e0 docenti e ATA\",\"Mobilit\u00e0 scuola\"],\"articleSection\":[\"News\"],\"inLanguage\":\"it-IT\",\"potentialAction\":[{\"@type\":\"CommentAction\",\"name\":\"Comment\",\"target\":[\"https:\/\/www.docenti.it\/blog\/mobilita-docenti-2026-come-funzionano-i-vincoli-di-permanenza\/#respond\"]}]},{\"@type\":\"WebPage\",\"@id\":\"https:\/\/www.docenti.it\/blog\/mobilita-docenti-2026-come-funzionano-i-vincoli-di-permanenza\/\",\"url\":\"https:\/\/www.docenti.it\/blog\/mobilita-docenti-2026-come-funzionano-i-vincoli-di-permanenza\/\",\"name\":\"Mobilit\u00e0-docenti-2026-come-funzionano-i-vincoli-di-permanenza\",\"isPartOf\":{\"@id\":\"https:\/\/www.docenti.it\/blog\/#website\"},\"datePublished\":\"2026-03-16T18:04:41+00:00\",\"dateModified\":\"2026-03-16T18:04:42+00:00\",\"description\":\"Mobilit\u00e0 docenti 2026: domande, scadenze, vincoli triennali, punteggio continuit\u00e0 e accorpamento classi di concorso.\",\"breadcrumb\":{\"@id\":\"https:\/\/www.docenti.it\/blog\/mobilita-docenti-2026-come-funzionano-i-vincoli-di-permanenza\/#breadcrumb\"},\"inLanguage\":\"it-IT\",\"potentialAction\":[{\"@type\":\"ReadAction\",\"target\":[\"https:\/\/www.docenti.it\/blog\/mobilita-docenti-2026-come-funzionano-i-vincoli-di-permanenza\/\"]}]},{\"@type\":\"BreadcrumbList\",\"@id\":\"https:\/\/www.docenti.it\/blog\/mobilita-docenti-2026-come-funzionano-i-vincoli-di-permanenza\/#breadcrumb\",\"itemListElement\":[{\"@type\":\"ListItem\",\"position\":1,\"name\":\"Home\",\"item\":\"https:\/\/www.docenti.it\/blog\/\"},{\"@type\":\"ListItem\",\"position\":2,\"name\":\"Mobilit\u00e0 docenti 2026: come funzionano i vincoli di permanenza?\"}]},{\"@type\":\"WebSite\",\"@id\":\"https:\/\/www.docenti.it\/blog\/#website\",\"url\":\"https:\/\/www.docenti.it\/blog\/\",\"name\":\"Blog | Docenti.it\",\"description\":\"Tutte le notizie e gli aggiornamenti dal mondo della scuola\",\"publisher\":{\"@id\":\"https:\/\/www.docenti.it\/blog\/#organization\"},\"potentialAction\":[{\"@type\":\"SearchAction\",\"target\":{\"@type\":\"EntryPoint\",\"urlTemplate\":\"https:\/\/www.docenti.it\/blog\/?s={search_term_string}\"},\"query-input\":\"required name=search_term_string\"}],\"inLanguage\":\"it-IT\"},{\"@type\":\"Organization\",\"@id\":\"https:\/\/www.docenti.it\/blog\/#organization\",\"name\":\"Blog | Docenti.it\",\"url\":\"https:\/\/www.docenti.it\/blog\/\",\"logo\":{\"@type\":\"ImageObject\",\"inLanguage\":\"it-IT\",\"@id\":\"https:\/\/www.docenti.it\/blog\/#\/schema\/logo\/image\/\",\"url\":\"https:\/\/www.docenti.it\/blog\/wp-content\/uploads\/2025\/06\/fb_mad_img.png\",\"contentUrl\":\"https:\/\/www.docenti.it\/blog\/wp-content\/uploads\/2025\/06\/fb_mad_img.png\",\"width\":1140,\"height\":620,\"caption\":\"Blog | Docenti.it\"},\"image\":{\"@id\":\"https:\/\/www.docenti.it\/blog\/#\/schema\/logo\/image\/\"},\"sameAs\":[\"https:\/\/www.facebook.com\/docenti.it\"]},{\"@type\":\"Person\",\"@id\":\"https:\/\/www.docenti.it\/blog\/#\/schema\/person\/773963d3c0645bd34c150c41a13e5754\",\"name\":\"Gabriella Capraro\",\"image\":{\"@type\":\"ImageObject\",\"inLanguage\":\"it-IT\",\"@id\":\"https:\/\/www.docenti.it\/blog\/#\/schema\/person\/image\/\",\"url\":\"https:\/\/secure.gravatar.com\/avatar\/17e0ab06bea064a8a7c5bef443cb7153?s=96&d=mm&r=g\",\"contentUrl\":\"https:\/\/secure.gravatar.com\/avatar\/17e0ab06bea064a8a7c5bef443cb7153?s=96&d=mm&r=g\",\"caption\":\"Gabriella Capraro\"},\"description\":\"Copywriter e digital strategist, collabora come articolista e autrice per diverse piattaforme online, spaziando da tematiche scolastiche\/istituzionali a letterarie e musicali.\",\"url\":\"https:\/\/www.docenti.it\/blog\/author\/gcapraro\/\"}]}<\/script>\n<!-- \/ Yoast SEO plugin. -->","yoast_head_json":{"title":"Mobilit\u00e0-docenti-2026-come-funzionano-i-vincoli-di-permanenza","description":"Mobilit\u00e0 docenti 2026: domande, scadenze, vincoli triennali, punteggio continuit\u00e0 e accorpamento classi di concorso.","robots":{"index":"index","follow":"follow","max-snippet":"max-snippet:-1","max-image-preview":"max-image-preview:large","max-video-preview":"max-video-preview:-1"},"canonical":"https:\/\/www.docenti.it\/blog\/mobilita-docenti-2026-come-funzionano-i-vincoli-di-permanenza\/","og_locale":"it_IT","og_type":"article","og_title":"Mobilit\u00e0-docenti-2026-come-funzionano-i-vincoli-di-permanenza","og_description":"Mobilit\u00e0 docenti 2026: domande, scadenze, vincoli triennali, punteggio continuit\u00e0 e accorpamento classi di concorso.","og_url":"https:\/\/www.docenti.it\/blog\/mobilita-docenti-2026-come-funzionano-i-vincoli-di-permanenza\/","og_site_name":"Blog | Docenti.it","article_publisher":"https:\/\/www.facebook.com\/docenti.it","article_published_time":"2026-03-16T18:04:41+00:00","article_modified_time":"2026-03-16T18:04:42+00:00","og_image":[{"width":640,"height":427,"url":"https:\/\/www.docenti.it\/blog\/wp-content\/uploads\/2023\/02\/business-idea-g34519b7b1_640.jpg","type":"image\/jpeg"}],"author":"Gabriella Capraro","twitter_card":"summary_large_image","twitter_misc":{"Written by":"Gabriella Capraro","Est. reading time":"4 minuti"},"schema":{"@context":"https:\/\/schema.org","@graph":[{"@type":"Article","@id":"https:\/\/www.docenti.it\/blog\/mobilita-docenti-2026-come-funzionano-i-vincoli-di-permanenza\/#article","isPartOf":{"@id":"https:\/\/www.docenti.it\/blog\/mobilita-docenti-2026-come-funzionano-i-vincoli-di-permanenza\/"},"author":{"name":"Gabriella Capraro","@id":"https:\/\/www.docenti.it\/blog\/#\/schema\/person\/773963d3c0645bd34c150c41a13e5754"},"headline":"Mobilit\u00e0 docenti 2026: come funzionano i vincoli di permanenza?","datePublished":"2026-03-16T18:04:41+00:00","dateModified":"2026-03-16T18:04:42+00:00","mainEntityOfPage":{"@id":"https:\/\/www.docenti.it\/blog\/mobilita-docenti-2026-come-funzionano-i-vincoli-di-permanenza\/"},"wordCount":829,"commentCount":0,"publisher":{"@id":"https:\/\/www.docenti.it\/blog\/#organization"},"keywords":["mobilit\u00e0 2026","mobilit\u00e0 docenti","mobilit\u00e0 docenti e ATA","Mobilit\u00e0 scuola"],"articleSection":["News"],"inLanguage":"it-IT","potentialAction":[{"@type":"CommentAction","name":"Comment","target":["https:\/\/www.docenti.it\/blog\/mobilita-docenti-2026-come-funzionano-i-vincoli-di-permanenza\/#respond"]}]},{"@type":"WebPage","@id":"https:\/\/www.docenti.it\/blog\/mobilita-docenti-2026-come-funzionano-i-vincoli-di-permanenza\/","url":"https:\/\/www.docenti.it\/blog\/mobilita-docenti-2026-come-funzionano-i-vincoli-di-permanenza\/","name":"Mobilit\u00e0-docenti-2026-come-funzionano-i-vincoli-di-permanenza","isPartOf":{"@id":"https:\/\/www.docenti.it\/blog\/#website"},"datePublished":"2026-03-16T18:04:41+00:00","dateModified":"2026-03-16T18:04:42+00:00","description":"Mobilit\u00e0 docenti 2026: domande, scadenze, vincoli triennali, punteggio continuit\u00e0 e accorpamento classi di concorso.","breadcrumb":{"@id":"https:\/\/www.docenti.it\/blog\/mobilita-docenti-2026-come-funzionano-i-vincoli-di-permanenza\/#breadcrumb"},"inLanguage":"it-IT","potentialAction":[{"@type":"ReadAction","target":["https:\/\/www.docenti.it\/blog\/mobilita-docenti-2026-come-funzionano-i-vincoli-di-permanenza\/"]}]},{"@type":"BreadcrumbList","@id":"https:\/\/www.docenti.it\/blog\/mobilita-docenti-2026-come-funzionano-i-vincoli-di-permanenza\/#breadcrumb","itemListElement":[{"@type":"ListItem","position":1,"name":"Home","item":"https:\/\/www.docenti.it\/blog\/"},{"@type":"ListItem","position":2,"name":"Mobilit\u00e0 docenti 2026: come funzionano i vincoli di permanenza?"}]},{"@type":"WebSite","@id":"https:\/\/www.docenti.it\/blog\/#website","url":"https:\/\/www.docenti.it\/blog\/","name":"Blog | Docenti.it","description":"Tutte le notizie e gli aggiornamenti dal mondo della scuola","publisher":{"@id":"https:\/\/www.docenti.it\/blog\/#organization"},"potentialAction":[{"@type":"SearchAction","target":{"@type":"EntryPoint","urlTemplate":"https:\/\/www.docenti.it\/blog\/?s={search_term_string}"},"query-input":"required name=search_term_string"}],"inLanguage":"it-IT"},{"@type":"Organization","@id":"https:\/\/www.docenti.it\/blog\/#organization","name":"Blog | Docenti.it","url":"https:\/\/www.docenti.it\/blog\/","logo":{"@type":"ImageObject","inLanguage":"it-IT","@id":"https:\/\/www.docenti.it\/blog\/#\/schema\/logo\/image\/","url":"https:\/\/www.docenti.it\/blog\/wp-content\/uploads\/2025\/06\/fb_mad_img.png","contentUrl":"https:\/\/www.docenti.it\/blog\/wp-content\/uploads\/2025\/06\/fb_mad_img.png","width":1140,"height":620,"caption":"Blog | Docenti.it"},"image":{"@id":"https:\/\/www.docenti.it\/blog\/#\/schema\/logo\/image\/"},"sameAs":["https:\/\/www.facebook.com\/docenti.it"]},{"@type":"Person","@id":"https:\/\/www.docenti.it\/blog\/#\/schema\/person\/773963d3c0645bd34c150c41a13e5754","name":"Gabriella Capraro","image":{"@type":"ImageObject","inLanguage":"it-IT","@id":"https:\/\/www.docenti.it\/blog\/#\/schema\/person\/image\/","url":"https:\/\/secure.gravatar.com\/avatar\/17e0ab06bea064a8a7c5bef443cb7153?s=96&d=mm&r=g","contentUrl":"https:\/\/secure.gravatar.com\/avatar\/17e0ab06bea064a8a7c5bef443cb7153?s=96&d=mm&r=g","caption":"Gabriella Capraro"},"description":"Copywriter e digital strategist, collabora come articolista e autrice per diverse piattaforme online, spaziando da tematiche scolastiche\/istituzionali a letterarie e musicali.","url":"https:\/\/www.docenti.it\/blog\/author\/gcapraro\/"}]}},"_links":{"self":[{"href":"https:\/\/www.docenti.it\/blog\/wp-json\/wp\/v2\/posts\/47499"}],"collection":[{"href":"https:\/\/www.docenti.it\/blog\/wp-json\/wp\/v2\/posts"}],"about":[{"href":"https:\/\/www.docenti.it\/blog\/wp-json\/wp\/v2\/types\/post"}],"author":[{"embeddable":true,"href":"https:\/\/www.docenti.it\/blog\/wp-json\/wp\/v2\/users\/25"}],"replies":[{"embeddable":true,"href":"https:\/\/www.docenti.it\/blog\/wp-json\/wp\/v2\/comments?post=47499"}],"version-history":[{"count":1,"href":"https:\/\/www.docenti.it\/blog\/wp-json\/wp\/v2\/posts\/47499\/revisions"}],"predecessor-version":[{"id":47500,"href":"https:\/\/www.docenti.it\/blog\/wp-json\/wp\/v2\/posts\/47499\/revisions\/47500"}],"wp:featuredmedia":[{"embeddable":true,"href":"https:\/\/www.docenti.it\/blog\/wp-json\/wp\/v2\/media\/44933"}],"wp:attachment":[{"href":"https:\/\/www.docenti.it\/blog\/wp-json\/wp\/v2\/media?parent=47499"}],"wp:term":[{"taxonomy":"category","embeddable":true,"href":"https:\/\/www.docenti.it\/blog\/wp-json\/wp\/v2\/categories?post=47499"},{"taxonomy":"post_tag","embeddable":true,"href":"https:\/\/www.docenti.it\/blog\/wp-json\/wp\/v2\/tags?post=47499"}],"curies":[{"name":"wp","href":"https:\/\/api.w.org\/{rel}","templated":true}]}}