{"id":47629,"date":"2026-04-29T16:36:03","date_gmt":"2026-04-29T14:36:03","guid":{"rendered":"https:\/\/www.docenti.it\/blog\/?p=47629"},"modified":"2026-04-29T16:36:04","modified_gmt":"2026-04-29T14:36:04","slug":"elenchi-regionali-2026-chi-e-escluso","status":"publish","type":"post","link":"https:\/\/www.docenti.it\/blog\/elenchi-regionali-2026-chi-e-escluso\/","title":{"rendered":"Elenchi regionali 2026: chi \u00e8 escluso?"},"content":{"rendered":"\n<p>Gli <strong>elenchi regionali 2026<\/strong> rappresentano una delle novit\u00e0 pi\u00f9 rilevanti per i docenti idonei in attesa di immissione in ruolo. <\/p>\n\n\n\n<p>Con la pubblicazione imminente del decreto attuativo, cresce l\u2019attenzione su requisiti, modalit\u00e0 di domanda, funzionamento delle graduatorie e categorie escluse.<\/p>\n\n\n\n<p>In questa guida aggiornata analizziamo tutto quello che c\u2019\u00e8 da sapere sugli <strong>elenchi regionali per il ruolo<\/strong>, con focus su scorrimento, punteggi e ultime modifiche normative.<\/p>\n\n\n\n<p><\/p>\n\n\n\n<h2>Cosa sono gli elenchi regionali 2026<\/h2>\n\n\n\n<p>Gli <strong>elenchi regionali<\/strong> sono graduatorie finalizzate alle assunzioni e all\u2019immissione in ruolo dei docenti idonei, secondo regole definite dal decreto PNRR e dai successivi emendamenti approvati.<\/p>\n\n\n\n<p>Il sistema prevede due elenchi distinti e un criterio di scorrimento sequenziale che attribuisce priorit\u00e0 ai candidati che hanno sostenuto il concorso nella stessa regione di inserimento.<\/p>\n\n\n\n<h3>Come sono divisi gli elenchi regionali per il ruolo<\/h3>\n\n\n\n<p>Gli <strong>elenchi regionali per il ruolo <\/strong>saranno suddivisi in due sezioni.<\/p>\n\n\n\n<h4>Prima sezione: candidati della stessa regione<\/h4>\n\n\n\n<p>Nel primo elenco entrano i candidati che hanno superato il concorso nella stessa regione in cui chiedono l\u2019iscrizione.<\/p>\n\n\n\n<p>Questa sezione ha priorit\u00e0 assoluta nello scorrimento.<\/p>\n\n\n\n<h4>Seconda sezione: candidati di altra regione<\/h4>\n\n\n\n<p>Nel secondo elenco rientrano gli idonei che hanno superato il concorso in una regione diversa da quella in cui presentano domanda.<\/p>\n\n\n\n<p>L\u2019amministrazione utilizzer\u00e0 questa sezione solo dopo l\u2019esaurimento del primo elenco.<\/p>\n\n\n\n<p><\/p>\n\n\n\n<h2>Come funziona lo scorrimento degli elenchi regionali 2026<\/h2>\n\n\n\n<p>Uno degli aspetti centrali degli <strong>elenchi regionali<\/strong> riguarda il meccanismo di scorrimento.<\/p>\n\n\n\n<h3>Priorit\u00e0 nel reclutamento<\/h3>\n\n\n\n<p>Lo scorrimento avviene in ordine sequenziale:<\/p>\n\n\n\n<ol>\n<li>Si utilizza integralmente il primo elenco<\/li>\n\n\n\n<li>Solo dopo si attinge dal secondo elenco<\/li>\n<\/ol>\n\n\n\n<p>Questo sistema favorisce chi ha sostenuto il concorso nella regione scelta.<\/p>\n\n\n\n<h3>Come si calcola la posizione in graduatoria<\/h3>\n\n\n\n<p>Negli <strong>elenchi regionali<\/strong>, la posizione dipende solo dal punteggio ottenuto nelle prove concorsuali.<\/p>\n\n\n\n<p>Contano esclusivamente:<\/p>\n\n\n\n<ul>\n<li>punteggio prova scritta<\/li>\n\n\n\n<li>punteggio prova orale<\/li>\n<\/ul>\n\n\n\n<p>Non contano invece:<\/p>\n\n\n\n<ul>\n<li>titoli di servizio<\/li>\n\n\n\n<li>titoli culturali<\/li>\n\n\n\n<li>certificazioni aggiuntive<\/li>\n\n\n\n<li>altri punteggi accessori<\/li>\n<\/ul>\n\n\n\n<p>Questo criterio rende la graduatoria basata unicamente sul merito concorsuale.<\/p>\n\n\n\n<p><\/p>\n\n\n\n<h2>Chi pu\u00f2 inserirsi negli elenchi regionali 2026<\/h2>\n\n\n\n<p>Non tutti i docenti possono presentare domanda.<\/p>\n\n\n\n<p>L\u2019accesso agli <strong>elenchi regionali <\/strong>riguarda specifiche categorie di idonei che rispettano i requisiti previsti dal decreto.<\/p>\n\n\n\n<h3>Docenti che possono fare domanda<\/h3>\n\n\n\n<p>Possono accedere:<\/p>\n\n\n\n<ul>\n<li>docenti idonei dei concorsi previsti dalla normativa<\/li>\n\n\n\n<li>candidati che non hanno ancora ottenuto il ruolo<\/li>\n\n\n\n<li>idonei del concorso straordinario legge 159\/2019 (DD 510)<\/li>\n<\/ul>\n\n\n\n<p>L\u2019inclusione degli idonei del concorsone 2020 rappresenta una delle principali novit\u00e0.<\/p>\n\n\n\n<p><\/p>\n\n\n\n<h2>Chi \u00e8 escluso dagli elenchi regionali per il ruolo<\/h2>\n\n\n\n<p>Le esclusioni previste sono precise.<\/p>\n\n\n\n<h3>Docenti gi\u00e0 assunti a tempo indeterminato<\/h3>\n\n\n\n<p>Non pu\u00f2 iscriversi chi ha gi\u00e0 un contratto a tempo indeterminato, anche su classe di concorso diversa.<\/p>\n\n\n\n<h3>Chi ha gi\u00e0 ottenuto una nomina finalizzata al ruolo<\/h3>\n\n\n\n<p>Restano esclusi i docenti che hanno gi\u00e0 ottenuto una nomina annuale finalizzata all\u2019immissione in ruolo.<\/p>\n\n\n\n<h3>Esclusi i candidati PNRR 3<\/h3>\n\n\n\n<p>I partecipanti al <strong>Concorso PNRR 3<\/strong> non possono entrare negli <strong>elenchi regionali<\/strong>, perch\u00e9 le graduatorie di merito non sono ancora pubblicate.<\/p>\n\n\n\n<p>Se risulteranno idonei non vincitori, potranno inserirsi il prossimo anno.<\/p>\n\n\n\n<p><\/p>\n\n\n\n<h2>Ultime novit\u00e0 sugli elenchi regionali 2026<\/h2>\n\n\n\n<p>Le modifiche approvate in Parlamento hanno ampliato l\u2019accesso e confermato il criterio di priorit\u00e0 regionale.<\/p>\n\n\n\n<h3>Inserimento idonei concorso straordinario<\/h3>\n\n\n\n<p>L\u2019emendamento approvato in Commissione Bilancio consente l\u2019inserimento anche agli idonei del concorso straordinario 2020.<\/p>\n\n\n\n<p>Si tratta di un ampliamento rilevante della platea.<\/p>\n\n\n\n<h3>Confermata la priorit\u00e0 territoriale<\/h3>\n\n\n\n<p>Resta confermato che gli aspiranti che hanno svolto il concorso nella stessa regione avranno precedenza.<\/p>\n\n\n\n<p>Questo principio rimane centrale nella struttura degli <strong>elenchi regionali per il ruolo<\/strong>.<\/p>\n\n\n\n<p><\/p>\n\n\n\n<h2>Quando esce il decreto attuativo sugli elenchi regionali 2026<\/h2>\n\n\n\n<p>Molti docenti attendono ora la pubblicazione del decreto attuativo che definir\u00e0:<\/p>\n\n\n\n<ul>\n<li>data apertura domanda elenchi regionali<\/li>\n\n\n\n<li>scadenza presentazione istanze<\/li>\n\n\n\n<li>modalit\u00e0 operative di inserimento<\/li>\n\n\n\n<li>criteri definitivi di graduatoria<\/li>\n\n\n\n<li>tempi di scorrimento<\/li>\n<\/ul>\n\n\n\n<p>L\u2019uscita del provvedimento sar\u00e0 decisiva per avviare la procedura.<\/p>\n\n\n\n<p><\/p>\n\n\n\n<h2>Domande frequenti sugli elenchi regionali 2026<\/h2>\n\n\n\n<h3>Quando si presenta la domanda per gli elenchi regionali 2026?<\/h3>\n\n\n\n<p>La domanda potr\u00e0 essere presentata dopo la pubblicazione del decreto attuativo, che definir\u00e0 date e modalit\u00e0.<\/p>\n\n\n\n<h3>Chi pu\u00f2 accedere agli elenchi regionali per il ruolo?<\/h3>\n\n\n\n<p>Possono accedere gli idonei che rispettano i requisiti previsti dalla norma e non rientrano tra gli esclusi.<\/p>\n\n\n\n<h3>I titoli aumentano il punteggio?<\/h3>\n\n\n\n<p>No. Negli <strong>elenchi regionali <\/strong>contano solo i punteggi delle prove scritte e orali.<\/p>\n\n\n\n<h3>I candidati PNRR 3 possono inserirsi?<\/h3>\n\n\n\n<p>No, non in questa fase.<\/p>\n\n\n\n<p><\/p>\n\n\n\n<h2>Punti chiave sugli Elenchi regionali 2026<\/h2>\n\n\n\n<p>Gli <strong>elenchi regionali <\/strong>introducono nuove opportunit\u00e0 per gli idonei, ma anche regole precise su accesso, graduatorie e priorit\u00e0.<\/p>\n\n\n\n<p>I punti chiave da ricordare sono:<\/p>\n\n\n\n<ul>\n<li>due elenchi distinti<\/li>\n\n\n\n<li>scorrimento sequenziale<\/li>\n\n\n\n<li>priorit\u00e0 per stessa regione<\/li>\n\n\n\n<li>graduatorie basate solo sul punteggio<\/li>\n\n\n\n<li>esclusione per docenti gi\u00e0 di ruolo e candidati PNRR 3<\/li>\n<\/ul>\n\n\n\n<p>Con l\u2019arrivo del decreto attuativo, il quadro sar\u00e0 completo e sar\u00e0 possibile procedere con la domanda per gli <strong>elenchi regionali<\/strong>.<\/p>\n\n\n\n<p><em>Se hai trovato utile questo contenuto, prova a dare un&#8217;occhiata a questo: <\/em><\/p>\n\n\n<p><span style=\"color: #800000;\"><em><strong><a style=\"color: #800000;\" href=\"https:\/\/www.docenti.it\/blog\/elenchi-regionali-2026-quale-ordine-seguono-le-assunzioni\/\">Elenchi regionali 2026: quale ordine seguono le assunzioni?<\/a><\/strong><\/em><\/span><\/p>\n<p>Per ulteriori news e aggiornamenti sul mondo scuola, segui il\u00a0<strong><a href=\"https:\/\/www.docenti.it\/blog\/\" target=\"_blank\" rel=\"noreferrer noopener\">blog<\/a><\/strong>\u00a0di\u00a0<strong><a href=\"https:\/\/www.docenti.it\/\">Docenti.it<\/a><\/strong><\/p>","protected":false},"excerpt":{"rendered":"<p>Gli elenchi regionali 2026 rappresentano una delle novit\u00e0 pi\u00f9 rilevanti per i docenti idonei [&hellip;]<\/p>\n","protected":false},"author":25,"featured_media":45344,"comment_status":"open","ping_status":"open","sticky":false,"template":"","format":"standard","meta":[],"categories":[1],"tags":[1031,1018],"yoast_head":"<!-- This site is optimized with the Yoast SEO plugin v20.4 - https:\/\/yoast.com\/wordpress\/plugins\/seo\/ -->\n<title>Elenchi regionali 2026: chi \u00e8 escluso?<\/title>\n<meta name=\"description\" content=\"Elenchi regionali 2026: come funziona la domanda, i criteri di graduatoria, le esclusioni e le ultime novit\u00e0 sul decreto attuativo.\" \/>\n<meta name=\"robots\" content=\"index, follow, max-snippet:-1, max-image-preview:large, max-video-preview:-1\" \/>\n<link rel=\"canonical\" href=\"https:\/\/www.docenti.it\/blog\/elenchi-regionali-2026-chi-e-escluso\/\" \/>\n<meta property=\"og:locale\" content=\"it_IT\" \/>\n<meta property=\"og:type\" content=\"article\" \/>\n<meta property=\"og:title\" content=\"Elenchi regionali 2026: chi \u00e8 escluso?\" \/>\n<meta property=\"og:description\" content=\"Elenchi regionali 2026: come funziona la domanda, i criteri di graduatoria, le esclusioni e le ultime novit\u00e0 sul decreto attuativo.\" \/>\n<meta property=\"og:url\" content=\"https:\/\/www.docenti.it\/blog\/elenchi-regionali-2026-chi-e-escluso\/\" \/>\n<meta property=\"og:site_name\" content=\"Blog | Docenti.it\" \/>\n<meta property=\"article:publisher\" content=\"https:\/\/www.facebook.com\/docenti.it\" \/>\n<meta property=\"article:published_time\" content=\"2026-04-29T14:36:03+00:00\" \/>\n<meta property=\"article:modified_time\" content=\"2026-04-29T14:36:04+00:00\" \/>\n<meta property=\"og:image\" content=\"https:\/\/www.docenti.it\/blog\/wp-content\/uploads\/2023\/07\/geometry-g568b8dbbb_1280.jpg\" \/>\n\t<meta property=\"og:image:width\" content=\"1280\" \/>\n\t<meta property=\"og:image:height\" content=\"718\" \/>\n\t<meta property=\"og:image:type\" content=\"image\/jpeg\" \/>\n<meta name=\"author\" content=\"Gabriella Capraro\" \/>\n<meta name=\"twitter:card\" content=\"summary_large_image\" \/>\n<meta name=\"twitter:label1\" content=\"Written by\" \/>\n\t<meta name=\"twitter:data1\" content=\"Gabriella Capraro\" \/>\n\t<meta name=\"twitter:label2\" content=\"Est. reading time\" \/>\n\t<meta name=\"twitter:data2\" content=\"4 minuti\" \/>\n<script type=\"application\/ld+json\" class=\"yoast-schema-graph\">{\"@context\":\"https:\/\/schema.org\",\"@graph\":[{\"@type\":\"Article\",\"@id\":\"https:\/\/www.docenti.it\/blog\/elenchi-regionali-2026-chi-e-escluso\/#article\",\"isPartOf\":{\"@id\":\"https:\/\/www.docenti.it\/blog\/elenchi-regionali-2026-chi-e-escluso\/\"},\"author\":{\"name\":\"Gabriella Capraro\",\"@id\":\"https:\/\/www.docenti.it\/blog\/#\/schema\/person\/773963d3c0645bd34c150c41a13e5754\"},\"headline\":\"Elenchi regionali 2026: chi \u00e8 escluso?\",\"datePublished\":\"2026-04-29T14:36:03+00:00\",\"dateModified\":\"2026-04-29T14:36:04+00:00\",\"mainEntityOfPage\":{\"@id\":\"https:\/\/www.docenti.it\/blog\/elenchi-regionali-2026-chi-e-escluso\/\"},\"wordCount\":804,\"commentCount\":0,\"publisher\":{\"@id\":\"https:\/\/www.docenti.it\/blog\/#organization\"},\"keywords\":[\"elenchi regionali 2026\",\"elenchi regionali idonei\"],\"articleSection\":[\"FAQ\"],\"inLanguage\":\"it-IT\",\"potentialAction\":[{\"@type\":\"CommentAction\",\"name\":\"Comment\",\"target\":[\"https:\/\/www.docenti.it\/blog\/elenchi-regionali-2026-chi-e-escluso\/#respond\"]}]},{\"@type\":\"WebPage\",\"@id\":\"https:\/\/www.docenti.it\/blog\/elenchi-regionali-2026-chi-e-escluso\/\",\"url\":\"https:\/\/www.docenti.it\/blog\/elenchi-regionali-2026-chi-e-escluso\/\",\"name\":\"Elenchi regionali 2026: chi \u00e8 escluso?\",\"isPartOf\":{\"@id\":\"https:\/\/www.docenti.it\/blog\/#website\"},\"datePublished\":\"2026-04-29T14:36:03+00:00\",\"dateModified\":\"2026-04-29T14:36:04+00:00\",\"description\":\"Elenchi regionali 2026: come funziona la domanda, i criteri di graduatoria, le esclusioni e le ultime novit\u00e0 sul decreto attuativo.\",\"breadcrumb\":{\"@id\":\"https:\/\/www.docenti.it\/blog\/elenchi-regionali-2026-chi-e-escluso\/#breadcrumb\"},\"inLanguage\":\"it-IT\",\"potentialAction\":[{\"@type\":\"ReadAction\",\"target\":[\"https:\/\/www.docenti.it\/blog\/elenchi-regionali-2026-chi-e-escluso\/\"]}]},{\"@type\":\"BreadcrumbList\",\"@id\":\"https:\/\/www.docenti.it\/blog\/elenchi-regionali-2026-chi-e-escluso\/#breadcrumb\",\"itemListElement\":[{\"@type\":\"ListItem\",\"position\":1,\"name\":\"Home\",\"item\":\"https:\/\/www.docenti.it\/blog\/\"},{\"@type\":\"ListItem\",\"position\":2,\"name\":\"Elenchi regionali 2026: chi \u00e8 escluso?\"}]},{\"@type\":\"WebSite\",\"@id\":\"https:\/\/www.docenti.it\/blog\/#website\",\"url\":\"https:\/\/www.docenti.it\/blog\/\",\"name\":\"Blog | Docenti.it\",\"description\":\"Tutte le notizie e gli aggiornamenti dal mondo della scuola\",\"publisher\":{\"@id\":\"https:\/\/www.docenti.it\/blog\/#organization\"},\"potentialAction\":[{\"@type\":\"SearchAction\",\"target\":{\"@type\":\"EntryPoint\",\"urlTemplate\":\"https:\/\/www.docenti.it\/blog\/?s={search_term_string}\"},\"query-input\":\"required name=search_term_string\"}],\"inLanguage\":\"it-IT\"},{\"@type\":\"Organization\",\"@id\":\"https:\/\/www.docenti.it\/blog\/#organization\",\"name\":\"Blog | Docenti.it\",\"url\":\"https:\/\/www.docenti.it\/blog\/\",\"logo\":{\"@type\":\"ImageObject\",\"inLanguage\":\"it-IT\",\"@id\":\"https:\/\/www.docenti.it\/blog\/#\/schema\/logo\/image\/\",\"url\":\"https:\/\/www.docenti.it\/blog\/wp-content\/uploads\/2025\/06\/fb_mad_img.png\",\"contentUrl\":\"https:\/\/www.docenti.it\/blog\/wp-content\/uploads\/2025\/06\/fb_mad_img.png\",\"width\":1140,\"height\":620,\"caption\":\"Blog | Docenti.it\"},\"image\":{\"@id\":\"https:\/\/www.docenti.it\/blog\/#\/schema\/logo\/image\/\"},\"sameAs\":[\"https:\/\/www.facebook.com\/docenti.it\"]},{\"@type\":\"Person\",\"@id\":\"https:\/\/www.docenti.it\/blog\/#\/schema\/person\/773963d3c0645bd34c150c41a13e5754\",\"name\":\"Gabriella Capraro\",\"image\":{\"@type\":\"ImageObject\",\"inLanguage\":\"it-IT\",\"@id\":\"https:\/\/www.docenti.it\/blog\/#\/schema\/person\/image\/\",\"url\":\"https:\/\/secure.gravatar.com\/avatar\/17e0ab06bea064a8a7c5bef443cb7153?s=96&d=mm&r=g\",\"contentUrl\":\"https:\/\/secure.gravatar.com\/avatar\/17e0ab06bea064a8a7c5bef443cb7153?s=96&d=mm&r=g\",\"caption\":\"Gabriella Capraro\"},\"description\":\"Copywriter e digital strategist, collabora come articolista e autrice per diverse piattaforme online, spaziando da tematiche scolastiche\/istituzionali a letterarie e musicali.\",\"url\":\"https:\/\/www.docenti.it\/blog\/author\/gcapraro\/\"}]}<\/script>\n<!-- \/ Yoast SEO plugin. -->","yoast_head_json":{"title":"Elenchi regionali 2026: chi \u00e8 escluso?","description":"Elenchi regionali 2026: come funziona la domanda, i criteri di graduatoria, le esclusioni e le ultime novit\u00e0 sul decreto attuativo.","robots":{"index":"index","follow":"follow","max-snippet":"max-snippet:-1","max-image-preview":"max-image-preview:large","max-video-preview":"max-video-preview:-1"},"canonical":"https:\/\/www.docenti.it\/blog\/elenchi-regionali-2026-chi-e-escluso\/","og_locale":"it_IT","og_type":"article","og_title":"Elenchi regionali 2026: chi \u00e8 escluso?","og_description":"Elenchi regionali 2026: come funziona la domanda, i criteri di graduatoria, le esclusioni e le ultime novit\u00e0 sul decreto attuativo.","og_url":"https:\/\/www.docenti.it\/blog\/elenchi-regionali-2026-chi-e-escluso\/","og_site_name":"Blog | Docenti.it","article_publisher":"https:\/\/www.facebook.com\/docenti.it","article_published_time":"2026-04-29T14:36:03+00:00","article_modified_time":"2026-04-29T14:36:04+00:00","og_image":[{"width":1280,"height":718,"url":"https:\/\/www.docenti.it\/blog\/wp-content\/uploads\/2023\/07\/geometry-g568b8dbbb_1280.jpg","type":"image\/jpeg"}],"author":"Gabriella Capraro","twitter_card":"summary_large_image","twitter_misc":{"Written by":"Gabriella Capraro","Est. reading time":"4 minuti"},"schema":{"@context":"https:\/\/schema.org","@graph":[{"@type":"Article","@id":"https:\/\/www.docenti.it\/blog\/elenchi-regionali-2026-chi-e-escluso\/#article","isPartOf":{"@id":"https:\/\/www.docenti.it\/blog\/elenchi-regionali-2026-chi-e-escluso\/"},"author":{"name":"Gabriella Capraro","@id":"https:\/\/www.docenti.it\/blog\/#\/schema\/person\/773963d3c0645bd34c150c41a13e5754"},"headline":"Elenchi regionali 2026: chi \u00e8 escluso?","datePublished":"2026-04-29T14:36:03+00:00","dateModified":"2026-04-29T14:36:04+00:00","mainEntityOfPage":{"@id":"https:\/\/www.docenti.it\/blog\/elenchi-regionali-2026-chi-e-escluso\/"},"wordCount":804,"commentCount":0,"publisher":{"@id":"https:\/\/www.docenti.it\/blog\/#organization"},"keywords":["elenchi regionali 2026","elenchi regionali idonei"],"articleSection":["FAQ"],"inLanguage":"it-IT","potentialAction":[{"@type":"CommentAction","name":"Comment","target":["https:\/\/www.docenti.it\/blog\/elenchi-regionali-2026-chi-e-escluso\/#respond"]}]},{"@type":"WebPage","@id":"https:\/\/www.docenti.it\/blog\/elenchi-regionali-2026-chi-e-escluso\/","url":"https:\/\/www.docenti.it\/blog\/elenchi-regionali-2026-chi-e-escluso\/","name":"Elenchi regionali 2026: chi \u00e8 escluso?","isPartOf":{"@id":"https:\/\/www.docenti.it\/blog\/#website"},"datePublished":"2026-04-29T14:36:03+00:00","dateModified":"2026-04-29T14:36:04+00:00","description":"Elenchi regionali 2026: come funziona la domanda, i criteri di graduatoria, le esclusioni e le ultime novit\u00e0 sul decreto attuativo.","breadcrumb":{"@id":"https:\/\/www.docenti.it\/blog\/elenchi-regionali-2026-chi-e-escluso\/#breadcrumb"},"inLanguage":"it-IT","potentialAction":[{"@type":"ReadAction","target":["https:\/\/www.docenti.it\/blog\/elenchi-regionali-2026-chi-e-escluso\/"]}]},{"@type":"BreadcrumbList","@id":"https:\/\/www.docenti.it\/blog\/elenchi-regionali-2026-chi-e-escluso\/#breadcrumb","itemListElement":[{"@type":"ListItem","position":1,"name":"Home","item":"https:\/\/www.docenti.it\/blog\/"},{"@type":"ListItem","position":2,"name":"Elenchi regionali 2026: chi \u00e8 escluso?"}]},{"@type":"WebSite","@id":"https:\/\/www.docenti.it\/blog\/#website","url":"https:\/\/www.docenti.it\/blog\/","name":"Blog | Docenti.it","description":"Tutte le notizie e gli aggiornamenti dal mondo della scuola","publisher":{"@id":"https:\/\/www.docenti.it\/blog\/#organization"},"potentialAction":[{"@type":"SearchAction","target":{"@type":"EntryPoint","urlTemplate":"https:\/\/www.docenti.it\/blog\/?s={search_term_string}"},"query-input":"required name=search_term_string"}],"inLanguage":"it-IT"},{"@type":"Organization","@id":"https:\/\/www.docenti.it\/blog\/#organization","name":"Blog | Docenti.it","url":"https:\/\/www.docenti.it\/blog\/","logo":{"@type":"ImageObject","inLanguage":"it-IT","@id":"https:\/\/www.docenti.it\/blog\/#\/schema\/logo\/image\/","url":"https:\/\/www.docenti.it\/blog\/wp-content\/uploads\/2025\/06\/fb_mad_img.png","contentUrl":"https:\/\/www.docenti.it\/blog\/wp-content\/uploads\/2025\/06\/fb_mad_img.png","width":1140,"height":620,"caption":"Blog | Docenti.it"},"image":{"@id":"https:\/\/www.docenti.it\/blog\/#\/schema\/logo\/image\/"},"sameAs":["https:\/\/www.facebook.com\/docenti.it"]},{"@type":"Person","@id":"https:\/\/www.docenti.it\/blog\/#\/schema\/person\/773963d3c0645bd34c150c41a13e5754","name":"Gabriella Capraro","image":{"@type":"ImageObject","inLanguage":"it-IT","@id":"https:\/\/www.docenti.it\/blog\/#\/schema\/person\/image\/","url":"https:\/\/secure.gravatar.com\/avatar\/17e0ab06bea064a8a7c5bef443cb7153?s=96&d=mm&r=g","contentUrl":"https:\/\/secure.gravatar.com\/avatar\/17e0ab06bea064a8a7c5bef443cb7153?s=96&d=mm&r=g","caption":"Gabriella Capraro"},"description":"Copywriter e digital strategist, collabora come articolista e autrice per diverse piattaforme online, spaziando da tematiche scolastiche\/istituzionali a letterarie e musicali.","url":"https:\/\/www.docenti.it\/blog\/author\/gcapraro\/"}]}},"_links":{"self":[{"href":"https:\/\/www.docenti.it\/blog\/wp-json\/wp\/v2\/posts\/47629"}],"collection":[{"href":"https:\/\/www.docenti.it\/blog\/wp-json\/wp\/v2\/posts"}],"about":[{"href":"https:\/\/www.docenti.it\/blog\/wp-json\/wp\/v2\/types\/post"}],"author":[{"embeddable":true,"href":"https:\/\/www.docenti.it\/blog\/wp-json\/wp\/v2\/users\/25"}],"replies":[{"embeddable":true,"href":"https:\/\/www.docenti.it\/blog\/wp-json\/wp\/v2\/comments?post=47629"}],"version-history":[{"count":1,"href":"https:\/\/www.docenti.it\/blog\/wp-json\/wp\/v2\/posts\/47629\/revisions"}],"predecessor-version":[{"id":47632,"href":"https:\/\/www.docenti.it\/blog\/wp-json\/wp\/v2\/posts\/47629\/revisions\/47632"}],"wp:featuredmedia":[{"embeddable":true,"href":"https:\/\/www.docenti.it\/blog\/wp-json\/wp\/v2\/media\/45344"}],"wp:attachment":[{"href":"https:\/\/www.docenti.it\/blog\/wp-json\/wp\/v2\/media?parent=47629"}],"wp:term":[{"taxonomy":"category","embeddable":true,"href":"https:\/\/www.docenti.it\/blog\/wp-json\/wp\/v2\/categories?post=47629"},{"taxonomy":"post_tag","embeddable":true,"href":"https:\/\/www.docenti.it\/blog\/wp-json\/wp\/v2\/tags?post=47629"}],"curies":[{"name":"wp","href":"https:\/\/api.w.org\/{rel}","templated":true}]}}