{"id":4851,"date":"2021-08-10T11:48:50","date_gmt":"2021-08-10T09:48:50","guid":{"rendered":"https:\/\/www.docenti.it\/blog\/?p=4851"},"modified":"2022-06-08T12:09:19","modified_gmt":"2022-06-08T10:09:19","slug":"messa-a-disposizione-e-circolare-miur-e-se-volessi-mandare-la-mad","status":"publish","type":"post","link":"https:\/\/www.docenti.it\/blog\/messa-a-disposizione-e-circolare-miur-e-se-volessi-mandare-la-mad\/","title":{"rendered":"Messa a Disposizione e circolare MIUR: e se volessi mandare la MAD?"},"content":{"rendered":"\n<p>L&#8217;attuale <strong>circolare del Miur<\/strong> non permette di inviare domande di <strong>Messa a Disposizione<\/strong> ai docenti gi\u00e0 inseriti in <strong>graduatorie GPS<\/strong>. <\/p>\n\n\n\n<p>Molti chiedono: &#8220;<em>Ma se volessi comunque mandare la MAD? Cosa potrebbe succedere?<\/em>&#8220;.<\/p>\n\n\n\n<p>In questo articolo, noi di<strong> Docenti.it<\/strong> parleremo della <strong>circolare del Miur<\/strong> e risponderemo a questa domanda. <\/p>\n\n\n\n<!--more-->\n\n\n\n<h2>Circolare MIUR 2021\/22: cosa dice?<\/h2>\n\n\n\n<p>Con la<strong> Nota 25089 del 6 agosto 2021 <\/strong>del <strong>Miur<\/strong> e la seguente circolare ufficiale, vengono confermati alcuni passaggi che gi\u00e0 erano stati definiti con la circolare dello scorso anno.<\/p>\n\n\n\n<p>Vediamo quali sono:<\/p>\n\n\n\n<ul><li>La differenza tra <strong>supplenze annuali e brevi<\/strong>. <br>Quelle annuali saranno gestite dagli uffici scolastici, mentre quelle brevi saranno gestite tramite le graduatorie d&#8217;istituto;<br><\/li><li>In questa circolare viene ribadito il ruolo di controllo che la scuola esercita sui punteggi che riguardano il primo contratto e su quelli convalidati all&#8217;aspirante docente;<br><\/li><li>Per quanto riguarda i contenziosi in atto, \u00e8 stato ribadito quanto segue: l&#8217;inserimento con riserva nella I fascia GPS avviene solo nel caso di provvedimenti giurisdizionali che siano favorevoli all&#8217;aspirante docente;<br><\/li><li>Le domande di <strong>Messa a Disposizione<\/strong>: veniamo qui al punto spinoso della vicenda. <br>Secondo questa<strong> circolare del Miur<\/strong> le <strong>Messa a Disposizione<\/strong> non possono essere presentate dai docenti gi\u00e0 inseriti nelle graduatorie GPS e in quelle di istituto. <\/li><\/ul>\n\n\n\n<p>Potete leggere il documento che riguarda la<strong> circolare del Miur<\/strong> direttamente <a rel=\"noreferrer noopener\" href=\"http:\/\/www.flcgil.it\/leggi-normative\/documenti\/note-ministeriali\/nota-25089-del-6-agosto-2021-istruzioni-e-indicazioni-operative-in-materia-di-supplenze-personale-docente-educativo-e-ata-a-s-2021-2022.flc\" target=\"_blank\">qui<\/a>. <\/p>\n\n\n\n<h3>Circolare Miur e Messa a Disposizione: come ci si deve comportare?<\/h3>\n\n\n\n<p>Riguardo alla candidatura mediante <strong>Messa a Disposizione<\/strong>, il <strong>Miur<\/strong> si \u00e8 espresso piuttosto chiaramente.<\/p>\n\n\n\n<p>Per\u00f2, \u00e8 anche vero quanto segue: <strong>la circolazione non stabilisce sanzioni<\/strong>, espulsioni o depennamenti per chi \u00e8 gi\u00e0 iscritto in graduatoria e volesse, eventualmente, inviare la <strong>MAD<\/strong>.<\/p>\n\n\n\n<p><em>Che cosa significa questo? <\/em><\/p>\n\n\n\n<p>Come \u00e8 gi\u00e0 capitato lo scorso anno, \u00e8 probabile che il<strong> Miur<\/strong> rettifichi la stessa nota dopo poco tempo. <br>Questo potrebbe ricapitare anche quest&#8217;anno per via del fatto che mancano molti insegnanti all&#8217;appello.<\/p>\n\n\n\n<p>Si stima, infatti, che a settembre 2021 <strong>saranno scoperte pi\u00f9 di 110 mila cattedre<\/strong>. <br>Di conseguenza, \u00e8 molto probabile che, esaurite le graduatorie, gli istituti corrano ai ripari, chiamando i candidati con le <strong>MAD<\/strong>. <\/p>\n\n\n\n<p>Per questo motivo, <strong>noi di Docenti.it suggeriamo comunque di inviare la vostra<\/strong> <strong>MAD<\/strong>. <\/p>\n\n\n\n<p>La richiesta di insegnanti sar\u00e0 sicuramente elevata: non rischiare di perdere la tua occasione.<\/p>\n\n\n\n<p>Per la compilazione della vostra <strong>domanda di GPS<\/strong> su <strong>Istanze Online<\/strong>, vi rimandiamo a<a rel=\"noreferrer noopener\" href=\"https:\/\/www.docenti.it\/blog\/gps-graduatorie-provinciali-supplenze-cosa-sono-le-preferenze-analitiche-e-sintetiche\/\" target=\"_blank\"> questo articolo<\/a> che sicuramente potr\u00e0 esservi utile nel fare un po&#8217; di chiarezza. <\/p>\n\n\n\n<p class=\"has-text-align-center\"><em><strong>Per usufruire del servizio di Docenti.it, cliccate sulla casella verde.<br>In bocca al lupo!<\/strong><\/em><\/p>\n\n\n<p>[maxbutton id=&#8221;1&#8243; url=&#8221;https:\/\/www.docenti.it\/messa-a-disposizione.html&#8221; text=&#8221;Invia la tua MAD online&#8221; ]<\/p>\n\n\n\n<p>Photo credit: <a href=\"https:\/\/pixabay.com\" target=\"_blank\" rel=\"noreferrer noopener\">Pixabay<\/a>. <\/p>\n","protected":false},"excerpt":{"rendered":"<p>L&#8217;attuale nota del MIUR non permette di inviare la Messa a Disposizione se si \u00e8 inseriti in GPS. Ma la circolare non prevede sanzioni nel caso contrario.<\/p>\n","protected":false},"author":21,"featured_media":26297,"comment_status":"open","ping_status":"open","sticky":false,"template":"","format":"standard","meta":[],"categories":[2,4],"tags":[],"yoast_head":"<!-- This site is optimized with the Yoast SEO plugin v20.4 - https:\/\/yoast.com\/wordpress\/plugins\/seo\/ -->\n<title>Messa a Disposizione e circolare MIUR: e se volessi mandare la MAD?<\/title>\n<meta name=\"description\" content=\"L&#039;attuale nota del MIUR non permette di inviare la Messa a Disposizione se si \u00e8 inseriti in GPS. Ma sono previste sanzioni?\" \/>\n<meta name=\"robots\" content=\"index, follow, max-snippet:-1, max-image-preview:large, max-video-preview:-1\" \/>\n<link rel=\"canonical\" href=\"https:\/\/www.docenti.it\/blog\/messa-a-disposizione-e-circolare-miur-e-se-volessi-mandare-la-mad\/\" \/>\n<meta property=\"og:locale\" content=\"it_IT\" \/>\n<meta property=\"og:type\" content=\"article\" \/>\n<meta property=\"og:title\" content=\"Messa a Disposizione e circolare MIUR: e se volessi mandare la MAD?\" \/>\n<meta property=\"og:description\" content=\"L&#039;attuale nota del MIUR non permette di inviare la Messa a Disposizione se si \u00e8 inseriti in GPS. Ma sono previste sanzioni?\" \/>\n<meta property=\"og:url\" content=\"https:\/\/www.docenti.it\/blog\/messa-a-disposizione-e-circolare-miur-e-se-volessi-mandare-la-mad\/\" \/>\n<meta property=\"og:site_name\" content=\"Blog | Docenti.it\" \/>\n<meta property=\"article:publisher\" content=\"https:\/\/www.facebook.com\/docenti.it\" \/>\n<meta property=\"article:author\" content=\"https:\/\/www.facebook.com\/profile.php?id=1555867670\" \/>\n<meta property=\"article:published_time\" content=\"2021-08-10T09:48:50+00:00\" \/>\n<meta property=\"article:modified_time\" content=\"2022-06-08T10:09:19+00:00\" \/>\n<meta property=\"og:image\" content=\"https:\/\/www.docenti.it\/blog\/wp-content\/uploads\/2021\/08\/hatena-gd43e162fb_640.png\" \/>\n\t<meta property=\"og:image:width\" content=\"640\" \/>\n\t<meta property=\"og:image:height\" content=\"497\" \/>\n\t<meta property=\"og:image:type\" content=\"image\/png\" \/>\n<meta name=\"author\" content=\"Martina Vaggi\" \/>\n<meta name=\"twitter:card\" content=\"summary_large_image\" \/>\n<meta name=\"twitter:label1\" content=\"Written by\" \/>\n\t<meta name=\"twitter:data1\" content=\"Martina Vaggi\" \/>\n\t<meta name=\"twitter:label2\" content=\"Est. reading time\" \/>\n\t<meta name=\"twitter:data2\" content=\"3 minuti\" \/>\n<script type=\"application\/ld+json\" class=\"yoast-schema-graph\">{\"@context\":\"https:\/\/schema.org\",\"@graph\":[{\"@type\":\"Article\",\"@id\":\"https:\/\/www.docenti.it\/blog\/messa-a-disposizione-e-circolare-miur-e-se-volessi-mandare-la-mad\/#article\",\"isPartOf\":{\"@id\":\"https:\/\/www.docenti.it\/blog\/messa-a-disposizione-e-circolare-miur-e-se-volessi-mandare-la-mad\/\"},\"author\":{\"name\":\"Martina Vaggi\",\"@id\":\"https:\/\/www.docenti.it\/blog\/#\/schema\/person\/99c2fdaf54e96829fe4ed44da8233688\"},\"headline\":\"Messa a Disposizione e circolare MIUR: e se volessi mandare la MAD?\",\"datePublished\":\"2021-08-10T09:48:50+00:00\",\"dateModified\":\"2022-06-08T10:09:19+00:00\",\"mainEntityOfPage\":{\"@id\":\"https:\/\/www.docenti.it\/blog\/messa-a-disposizione-e-circolare-miur-e-se-volessi-mandare-la-mad\/\"},\"wordCount\":427,\"commentCount\":0,\"publisher\":{\"@id\":\"https:\/\/www.docenti.it\/blog\/#organization\"},\"articleSection\":[\"Messa a Disposizione\",\"News\"],\"inLanguage\":\"it-IT\",\"potentialAction\":[{\"@type\":\"CommentAction\",\"name\":\"Comment\",\"target\":[\"https:\/\/www.docenti.it\/blog\/messa-a-disposizione-e-circolare-miur-e-se-volessi-mandare-la-mad\/#respond\"]}]},{\"@type\":\"WebPage\",\"@id\":\"https:\/\/www.docenti.it\/blog\/messa-a-disposizione-e-circolare-miur-e-se-volessi-mandare-la-mad\/\",\"url\":\"https:\/\/www.docenti.it\/blog\/messa-a-disposizione-e-circolare-miur-e-se-volessi-mandare-la-mad\/\",\"name\":\"Messa a Disposizione e circolare MIUR: e se volessi mandare la MAD?\",\"isPartOf\":{\"@id\":\"https:\/\/www.docenti.it\/blog\/#website\"},\"datePublished\":\"2021-08-10T09:48:50+00:00\",\"dateModified\":\"2022-06-08T10:09:19+00:00\",\"description\":\"L'attuale nota del MIUR non permette di inviare la Messa a Disposizione se si \u00e8 inseriti in GPS. Ma sono previste sanzioni?\",\"breadcrumb\":{\"@id\":\"https:\/\/www.docenti.it\/blog\/messa-a-disposizione-e-circolare-miur-e-se-volessi-mandare-la-mad\/#breadcrumb\"},\"inLanguage\":\"it-IT\",\"potentialAction\":[{\"@type\":\"ReadAction\",\"target\":[\"https:\/\/www.docenti.it\/blog\/messa-a-disposizione-e-circolare-miur-e-se-volessi-mandare-la-mad\/\"]}]},{\"@type\":\"BreadcrumbList\",\"@id\":\"https:\/\/www.docenti.it\/blog\/messa-a-disposizione-e-circolare-miur-e-se-volessi-mandare-la-mad\/#breadcrumb\",\"itemListElement\":[{\"@type\":\"ListItem\",\"position\":1,\"name\":\"Home\",\"item\":\"https:\/\/www.docenti.it\/blog\/\"},{\"@type\":\"ListItem\",\"position\":2,\"name\":\"Messa a Disposizione e circolare MIUR: e se volessi mandare la MAD?\"}]},{\"@type\":\"WebSite\",\"@id\":\"https:\/\/www.docenti.it\/blog\/#website\",\"url\":\"https:\/\/www.docenti.it\/blog\/\",\"name\":\"Blog | Docenti.it\",\"description\":\"Tutte le notizie e gli aggiornamenti dal mondo della scuola\",\"publisher\":{\"@id\":\"https:\/\/www.docenti.it\/blog\/#organization\"},\"potentialAction\":[{\"@type\":\"SearchAction\",\"target\":{\"@type\":\"EntryPoint\",\"urlTemplate\":\"https:\/\/www.docenti.it\/blog\/?s={search_term_string}\"},\"query-input\":\"required name=search_term_string\"}],\"inLanguage\":\"it-IT\"},{\"@type\":\"Organization\",\"@id\":\"https:\/\/www.docenti.it\/blog\/#organization\",\"name\":\"Blog | Docenti.it\",\"url\":\"https:\/\/www.docenti.it\/blog\/\",\"logo\":{\"@type\":\"ImageObject\",\"inLanguage\":\"it-IT\",\"@id\":\"https:\/\/www.docenti.it\/blog\/#\/schema\/logo\/image\/\",\"url\":\"https:\/\/www.docenti.it\/blog\/wp-content\/uploads\/2025\/06\/fb_mad_img.png\",\"contentUrl\":\"https:\/\/www.docenti.it\/blog\/wp-content\/uploads\/2025\/06\/fb_mad_img.png\",\"width\":1140,\"height\":620,\"caption\":\"Blog | Docenti.it\"},\"image\":{\"@id\":\"https:\/\/www.docenti.it\/blog\/#\/schema\/logo\/image\/\"},\"sameAs\":[\"https:\/\/www.facebook.com\/docenti.it\"]},{\"@type\":\"Person\",\"@id\":\"https:\/\/www.docenti.it\/blog\/#\/schema\/person\/99c2fdaf54e96829fe4ed44da8233688\",\"name\":\"Martina Vaggi\",\"image\":{\"@type\":\"ImageObject\",\"inLanguage\":\"it-IT\",\"@id\":\"https:\/\/www.docenti.it\/blog\/#\/schema\/person\/image\/\",\"url\":\"https:\/\/secure.gravatar.com\/avatar\/14a13197979873d693ad915d249e3f54?s=96&d=mm&r=g\",\"contentUrl\":\"https:\/\/secure.gravatar.com\/avatar\/14a13197979873d693ad915d249e3f54?s=96&d=mm&r=g\",\"caption\":\"Martina Vaggi\"},\"description\":\"Classe 1991, copywriter e scrittrice. Nata a Sale, un paesino in provincia di Alessandria. Scrive dall\u2019et\u00e0 di 10 anni. Nel 2015 si laurea in Lettere Moderne presso l\u2019universit\u00e0 di Pavia. Nel 2020 pubblica il suo primo libro \\\"Il diario del silenzio - Storie reali di quarantena\\\" che descrive il processo di cambiamento della vita di 40 persone ai tempi del Covid. Nel 2022 si trasferisce a San Marino per lavorare come copywriter per Docenti.it\",\"sameAs\":[\"https:\/\/pensierisurrealidigentecomune.com\/\",\"https:\/\/www.facebook.com\/profile.php?id=1555867670\",\"https:\/\/www.instagram.com\/martiggi91\/\",\"https:\/\/it.linkedin.com\/in\/martina-vaggi\",\"https:\/\/www.youtube.com\/results?search_query=martina+vaggi\"],\"url\":\"https:\/\/www.docenti.it\/blog\/author\/martina-vaggi\/\"}]}<\/script>\n<!-- \/ Yoast SEO plugin. -->","yoast_head_json":{"title":"Messa a Disposizione e circolare MIUR: e se volessi mandare la MAD?","description":"L'attuale nota del MIUR non permette di inviare la Messa a Disposizione se si \u00e8 inseriti in GPS. Ma sono previste sanzioni?","robots":{"index":"index","follow":"follow","max-snippet":"max-snippet:-1","max-image-preview":"max-image-preview:large","max-video-preview":"max-video-preview:-1"},"canonical":"https:\/\/www.docenti.it\/blog\/messa-a-disposizione-e-circolare-miur-e-se-volessi-mandare-la-mad\/","og_locale":"it_IT","og_type":"article","og_title":"Messa a Disposizione e circolare MIUR: e se volessi mandare la MAD?","og_description":"L'attuale nota del MIUR non permette di inviare la Messa a Disposizione se si \u00e8 inseriti in GPS. Ma sono previste sanzioni?","og_url":"https:\/\/www.docenti.it\/blog\/messa-a-disposizione-e-circolare-miur-e-se-volessi-mandare-la-mad\/","og_site_name":"Blog | Docenti.it","article_publisher":"https:\/\/www.facebook.com\/docenti.it","article_author":"https:\/\/www.facebook.com\/profile.php?id=1555867670","article_published_time":"2021-08-10T09:48:50+00:00","article_modified_time":"2022-06-08T10:09:19+00:00","og_image":[{"width":640,"height":497,"url":"https:\/\/www.docenti.it\/blog\/wp-content\/uploads\/2021\/08\/hatena-gd43e162fb_640.png","type":"image\/png"}],"author":"Martina Vaggi","twitter_card":"summary_large_image","twitter_misc":{"Written by":"Martina Vaggi","Est. reading time":"3 minuti"},"schema":{"@context":"https:\/\/schema.org","@graph":[{"@type":"Article","@id":"https:\/\/www.docenti.it\/blog\/messa-a-disposizione-e-circolare-miur-e-se-volessi-mandare-la-mad\/#article","isPartOf":{"@id":"https:\/\/www.docenti.it\/blog\/messa-a-disposizione-e-circolare-miur-e-se-volessi-mandare-la-mad\/"},"author":{"name":"Martina Vaggi","@id":"https:\/\/www.docenti.it\/blog\/#\/schema\/person\/99c2fdaf54e96829fe4ed44da8233688"},"headline":"Messa a Disposizione e circolare MIUR: e se volessi mandare la MAD?","datePublished":"2021-08-10T09:48:50+00:00","dateModified":"2022-06-08T10:09:19+00:00","mainEntityOfPage":{"@id":"https:\/\/www.docenti.it\/blog\/messa-a-disposizione-e-circolare-miur-e-se-volessi-mandare-la-mad\/"},"wordCount":427,"commentCount":0,"publisher":{"@id":"https:\/\/www.docenti.it\/blog\/#organization"},"articleSection":["Messa a Disposizione","News"],"inLanguage":"it-IT","potentialAction":[{"@type":"CommentAction","name":"Comment","target":["https:\/\/www.docenti.it\/blog\/messa-a-disposizione-e-circolare-miur-e-se-volessi-mandare-la-mad\/#respond"]}]},{"@type":"WebPage","@id":"https:\/\/www.docenti.it\/blog\/messa-a-disposizione-e-circolare-miur-e-se-volessi-mandare-la-mad\/","url":"https:\/\/www.docenti.it\/blog\/messa-a-disposizione-e-circolare-miur-e-se-volessi-mandare-la-mad\/","name":"Messa a Disposizione e circolare MIUR: e se volessi mandare la MAD?","isPartOf":{"@id":"https:\/\/www.docenti.it\/blog\/#website"},"datePublished":"2021-08-10T09:48:50+00:00","dateModified":"2022-06-08T10:09:19+00:00","description":"L'attuale nota del MIUR non permette di inviare la Messa a Disposizione se si \u00e8 inseriti in GPS. Ma sono previste sanzioni?","breadcrumb":{"@id":"https:\/\/www.docenti.it\/blog\/messa-a-disposizione-e-circolare-miur-e-se-volessi-mandare-la-mad\/#breadcrumb"},"inLanguage":"it-IT","potentialAction":[{"@type":"ReadAction","target":["https:\/\/www.docenti.it\/blog\/messa-a-disposizione-e-circolare-miur-e-se-volessi-mandare-la-mad\/"]}]},{"@type":"BreadcrumbList","@id":"https:\/\/www.docenti.it\/blog\/messa-a-disposizione-e-circolare-miur-e-se-volessi-mandare-la-mad\/#breadcrumb","itemListElement":[{"@type":"ListItem","position":1,"name":"Home","item":"https:\/\/www.docenti.it\/blog\/"},{"@type":"ListItem","position":2,"name":"Messa a Disposizione e circolare MIUR: e se volessi mandare la MAD?"}]},{"@type":"WebSite","@id":"https:\/\/www.docenti.it\/blog\/#website","url":"https:\/\/www.docenti.it\/blog\/","name":"Blog | Docenti.it","description":"Tutte le notizie e gli aggiornamenti dal mondo della scuola","publisher":{"@id":"https:\/\/www.docenti.it\/blog\/#organization"},"potentialAction":[{"@type":"SearchAction","target":{"@type":"EntryPoint","urlTemplate":"https:\/\/www.docenti.it\/blog\/?s={search_term_string}"},"query-input":"required name=search_term_string"}],"inLanguage":"it-IT"},{"@type":"Organization","@id":"https:\/\/www.docenti.it\/blog\/#organization","name":"Blog | Docenti.it","url":"https:\/\/www.docenti.it\/blog\/","logo":{"@type":"ImageObject","inLanguage":"it-IT","@id":"https:\/\/www.docenti.it\/blog\/#\/schema\/logo\/image\/","url":"https:\/\/www.docenti.it\/blog\/wp-content\/uploads\/2025\/06\/fb_mad_img.png","contentUrl":"https:\/\/www.docenti.it\/blog\/wp-content\/uploads\/2025\/06\/fb_mad_img.png","width":1140,"height":620,"caption":"Blog | Docenti.it"},"image":{"@id":"https:\/\/www.docenti.it\/blog\/#\/schema\/logo\/image\/"},"sameAs":["https:\/\/www.facebook.com\/docenti.it"]},{"@type":"Person","@id":"https:\/\/www.docenti.it\/blog\/#\/schema\/person\/99c2fdaf54e96829fe4ed44da8233688","name":"Martina Vaggi","image":{"@type":"ImageObject","inLanguage":"it-IT","@id":"https:\/\/www.docenti.it\/blog\/#\/schema\/person\/image\/","url":"https:\/\/secure.gravatar.com\/avatar\/14a13197979873d693ad915d249e3f54?s=96&d=mm&r=g","contentUrl":"https:\/\/secure.gravatar.com\/avatar\/14a13197979873d693ad915d249e3f54?s=96&d=mm&r=g","caption":"Martina Vaggi"},"description":"Classe 1991, copywriter e scrittrice. Nata a Sale, un paesino in provincia di Alessandria. Scrive dall\u2019et\u00e0 di 10 anni. Nel 2015 si laurea in Lettere Moderne presso l\u2019universit\u00e0 di Pavia. Nel 2020 pubblica il suo primo libro \"Il diario del silenzio - Storie reali di quarantena\" che descrive il processo di cambiamento della vita di 40 persone ai tempi del Covid. Nel 2022 si trasferisce a San Marino per lavorare come copywriter per Docenti.it","sameAs":["https:\/\/pensierisurrealidigentecomune.com\/","https:\/\/www.facebook.com\/profile.php?id=1555867670","https:\/\/www.instagram.com\/martiggi91\/","https:\/\/it.linkedin.com\/in\/martina-vaggi","https:\/\/www.youtube.com\/results?search_query=martina+vaggi"],"url":"https:\/\/www.docenti.it\/blog\/author\/martina-vaggi\/"}]}},"_links":{"self":[{"href":"https:\/\/www.docenti.it\/blog\/wp-json\/wp\/v2\/posts\/4851"}],"collection":[{"href":"https:\/\/www.docenti.it\/blog\/wp-json\/wp\/v2\/posts"}],"about":[{"href":"https:\/\/www.docenti.it\/blog\/wp-json\/wp\/v2\/types\/post"}],"author":[{"embeddable":true,"href":"https:\/\/www.docenti.it\/blog\/wp-json\/wp\/v2\/users\/21"}],"replies":[{"embeddable":true,"href":"https:\/\/www.docenti.it\/blog\/wp-json\/wp\/v2\/comments?post=4851"}],"version-history":[{"count":5,"href":"https:\/\/www.docenti.it\/blog\/wp-json\/wp\/v2\/posts\/4851\/revisions"}],"predecessor-version":[{"id":26296,"href":"https:\/\/www.docenti.it\/blog\/wp-json\/wp\/v2\/posts\/4851\/revisions\/26296"}],"wp:featuredmedia":[{"embeddable":true,"href":"https:\/\/www.docenti.it\/blog\/wp-json\/wp\/v2\/media\/26297"}],"wp:attachment":[{"href":"https:\/\/www.docenti.it\/blog\/wp-json\/wp\/v2\/media?parent=4851"}],"wp:term":[{"taxonomy":"category","embeddable":true,"href":"https:\/\/www.docenti.it\/blog\/wp-json\/wp\/v2\/categories?post=4851"},{"taxonomy":"post_tag","embeddable":true,"href":"https:\/\/www.docenti.it\/blog\/wp-json\/wp\/v2\/tags?post=4851"}],"curies":[{"name":"wp","href":"https:\/\/api.w.org\/{rel}","templated":true}]}}