{"id":48832,"date":"2026-08-31T18:06:48","date_gmt":"2026-08-31T16:06:48","guid":{"rendered":"https:\/\/www.docenti.it\/blog\/?p=48832"},"modified":"2026-08-31T18:06:49","modified_gmt":"2026-08-31T16:06:49","slug":"perche-non-ho-avuto-la-conferma-sul-sostegno","status":"publish","type":"post","link":"https:\/\/www.docenti.it\/blog\/perche-non-ho-avuto-la-conferma-sul-sostegno\/","title":{"rendered":"Perch\u00e9 non ho avuto la conferma sul sostegno: le cinque condizioni necessarie"},"content":{"rendered":"\n<p class=\"wp-block-paragraph\">La domanda riguarda molti docenti in queste ore: <strong>perch\u00e9 non ho avuto la conferma sul sostegno<\/strong>, nonostante la richiesta della famiglia e la disponibilit\u00e0 espressa nella domanda per le supplenze?<\/p>\n\n\n\n<p class=\"wp-block-paragraph\">La conferma non \u00e8 automatica e la richiesta della famiglia non basta, da sola, a riservare il posto occupato nell\u2019anno scolastico precedente. L\u2019articolo 13 dell\u2019<strong>Ordinanza ministeriale n. 27 del 16 febbraio 2026<\/strong> prevede una procedura composta da diversi passaggi. La conferma pu\u00f2 essere disposta soltanto quando tutte le condizioni risultano soddisfatte.<\/p>\n\n\n\n<p class=\"wp-block-paragraph\">In sintesi, occorrono:<\/p>\n\n\n\n<ol class=\"wp-block-list\">\n<li>Il possesso dei requisiti per partecipare alla procedura.<\/li>\n\n\n\n<li>La richiesta della famiglia e la valutazione positiva del dirigente scolastico.<\/li>\n\n\n\n<li>La disponibilit\u00e0 definitiva e irrevocabile del docente.<\/li>\n\n\n\n<li>L\u2019esistenza dello stesso posto dopo le operazioni del personale di ruolo.<\/li>\n\n\n\n<li>Il diritto del docente a ottenere una nomina nel contingente disponibile.<\/li>\n<\/ol>\n\n\n\n<p class=\"wp-block-paragraph\">Se manca anche una sola di queste condizioni, l\u2019Ufficio scolastico non pu\u00f2 procedere alla conferma.<\/p>\n\n\n\n<p class=\"wp-block-paragraph\">Il mancato esito non rappresenta una valutazione negativa sul lavoro svolto dal docente e non costituisce una sanzione. Se la conferma non viene disposta, l\u2019aspirante partecipa normalmente alle altre operazioni di supplenza sulla base del punteggio e delle preferenze espresse.<\/p>\n\n\n\n<p class=\"wp-block-paragraph\"><\/p>\n\n\n\n<h2 class=\"wp-block-heading\">Prima condizione: il docente deve rientrare tra i destinatari della conferma<\/h2>\n\n\n\n<p class=\"wp-block-paragraph\">Non tutti i docenti che hanno lavorato sul sostegno durante l\u2019anno scolastico 2025\/2026 possono accedere alla procedura.<\/p>\n\n\n\n<p class=\"wp-block-paragraph\">Il primo requisito riguarda la durata del contratto. La conferma pu\u00f2 interessare chi ha svolto una supplenza su posto di sostegno:<\/p>\n\n\n\n<ul class=\"wp-block-list\">\n<li>Fino al 31 agosto 2026.<\/li>\n\n\n\n<li>Fino al 30 giugno 2026.<\/li>\n\n\n\n<li>Su uno spezzone orario con scadenza al 30 giugno.<\/li>\n<\/ul>\n\n\n\n<p class=\"wp-block-paragraph\">Le supplenze brevi e temporanee non rientrano nella procedura.<\/p>\n\n\n\n<p class=\"wp-block-paragraph\">La conferma pu\u00f2 riguardare innanzitutto i docenti specializzati sul sostegno per lo stesso grado scolastico, nominati tramite GAE, GPS, graduatorie di istituto, scuole viciniori o interpello.<\/p>\n\n\n\n<p class=\"wp-block-paragraph\">Possono rientrare anche alcuni docenti privi della specializzazione, ma non tutti indistintamente. La procedura comprende:<\/p>\n\n\n\n<ul class=\"wp-block-list\">\n<li>I docenti non specializzati nominati dalla seconda fascia delle GPS sostegno.<\/li>\n\n\n\n<li>I docenti non specializzati individuati a livello provinciale attraverso lo scorrimento incrociato delle GAE e delle GPS di posto comune.<\/li>\n<\/ul>\n\n\n\n<p class=\"wp-block-paragraph\">Restano invece esclusi, in linea generale, i docenti non specializzati che hanno ottenuto l\u2019incarico dalle graduatorie di istituto o attraverso un interpello.<\/p>\n\n\n\n<p class=\"wp-block-paragraph\">Non \u00e8 quindi corretto affermare che la conferma sia sempre accessibile a qualsiasi docente privo del titolo di specializzazione. Bisogna verificare sia la graduatoria dalla quale \u00e8 arrivata la nomina sia la durata del contratto precedente.<\/p>\n\n\n\n<p class=\"wp-block-paragraph\"><\/p>\n\n\n\n<h2 class=\"wp-block-heading\">Seconda condizione: servono la richiesta della famiglia e la valutazione positiva del dirigente<\/h2>\n\n\n\n<p class=\"wp-block-paragraph\">La famiglia dell\u2019alunno con disabilit\u00e0 doveva presentare alla scuola la richiesta di continuit\u00e0 entro il <strong>31 maggio 2026<\/strong>.<\/p>\n\n\n\n<p class=\"wp-block-paragraph\">Questa richiesta avvia il procedimento, ma non determina automaticamente la conferma. Il dirigente scolastico deve valutare se la continuit\u00e0 risponde all\u2019interesse dell\u2019alunno, considerando anche la situazione della classe e il percorso educativo svolto.<\/p>\n\n\n\n<p class=\"wp-block-paragraph\">Il dirigente effettua la valutazione sentendo il <strong>GLO, Gruppo di lavoro operativo per l\u2019inclusione<\/strong>, e comunica l\u2019esito al docente e alla famiglia entro il termine previsto.<\/p>\n\n\n\n<p class=\"wp-block-paragraph\">In caso di valutazione positiva, la scuola deve trasmettere i dati attraverso le funzioni ministeriali dedicate. Per l\u2019anno scolastico 2026\/2027, la nota MIM n. 3286 del 28 maggio 2026 ha fissato al <strong>26 giugno 2026<\/strong> il termine per l\u2019inserimento delle comunicazioni nel sistema informativo.<\/p>\n\n\n\n<p class=\"wp-block-paragraph\">La procedura pu\u00f2 quindi interrompersi quando:<\/p>\n\n\n\n<ul class=\"wp-block-list\">\n<li>La famiglia presenta la richiesta oltre il 31 maggio.<\/li>\n\n\n\n<li>La scuola accerta che il docente non appartiene alle categorie ammesse.<\/li>\n\n\n\n<li>Il dirigente non valuta positivamente la continuit\u00e0.<\/li>\n\n\n\n<li>Il procedimento non viene completato o trasmesso attraverso le funzioni previste.<\/li>\n\n\n\n<li>Mancano i dati necessari per individuare correttamente il docente o il posto.<\/li>\n<\/ul>\n\n\n\n<p class=\"wp-block-paragraph\">Il docente che vuole ricostruire il proprio caso pu\u00f2 chiedere alla segreteria se la richiesta \u00e8 stata acquisita, se la valutazione si \u00e8 conclusa positivamente e se la proposta \u00e8 stata inserita nel sistema ministeriale.<\/p>\n\n\n\n<p class=\"wp-block-paragraph\"><\/p>\n\n\n\n<h2 class=\"wp-block-heading\">Terza condizione: il docente deve aver accettato la conferma nella domanda POLIS<\/h2>\n\n\n\n<p class=\"wp-block-paragraph\">La disponibilit\u00e0 comunicata inizialmente alla scuola non rappresentava ancora la scelta definitiva.<\/p>\n\n\n\n<p class=\"wp-block-paragraph\">Il docente interessato doveva esprimere la propria volont\u00e0 attraverso l\u2019istanza POLIS per l\u2019<strong>Informatizzazione nomine supplenze<\/strong>. In questa fase la scelta diventava definitiva, vincolante e irrevocabile.<\/p>\n\n\n\n<p class=\"wp-block-paragraph\">Il docente poteva indicare l\u2019interesse per:<\/p>\n\n\n\n<ul class=\"wp-block-list\">\n<li>Un contratto fino al 31 agosto 2027.<\/li>\n\n\n\n<li>Un contratto fino al 30 giugno 2027 su posto intero.<\/li>\n\n\n\n<li>Un contratto fino al 30 giugno 2027 su spezzone, con eventuale completamento.<\/li>\n<\/ul>\n\n\n\n<p class=\"wp-block-paragraph\">Non era sufficiente compilare soltanto la sezione relativa alla continuit\u00e0. Per consentire all\u2019Ufficio di verificare il diritto alla nomina, occorreva completare anche la parte ordinaria della domanda destinata all\u2019attribuzione delle supplenze.<\/p>\n\n\n\n<p class=\"wp-block-paragraph\">La cosiddetta verifica di nominabilit\u00e0 richiede infatti che il sistema possa controllare se l\u2019aspirante avrebbe avuto diritto a una qualsiasi nomina annuale o fino al 30 giugno.<\/p>\n\n\n\n<p class=\"wp-block-paragraph\">Chi non ha compilato la sezione ordinaria delle preferenze non pu\u00f2 essere confermato e non partecipa neppure all\u2019assegnazione informatizzata delle supplenze al 31 agosto o al 30 giugno.<\/p>\n\n\n\n<p class=\"wp-block-paragraph\"><\/p>\n\n\n\n<h2 class=\"wp-block-heading\">Quarta condizione: il posto deve esistere ancora ed essere disponibile<\/h2>\n\n\n\n<p class=\"wp-block-paragraph\">La conferma pu\u00f2 essere disposta soltanto se il posto di sostegno viene istituito anche per l\u2019anno scolastico 2026\/2027 e rimane disponibile dopo le operazioni che precedono le supplenze.<\/p>\n\n\n\n<p class=\"wp-block-paragraph\">Prima delle conferme devono concludersi:<\/p>\n\n\n\n<ul class=\"wp-block-list\">\n<li>Le immissioni in ruolo.<\/li>\n\n\n\n<li>Le assunzioni a tempo determinato finalizzate al ruolo.<\/li>\n\n\n\n<li>Le utilizzazioni.<\/li>\n\n\n\n<li>Le assegnazioni provvisorie.<\/li>\n\n\n\n<li>Le altre operazioni destinate al personale di ruolo.<\/li>\n<\/ul>\n\n\n\n<p class=\"wp-block-paragraph\">Se il posto viene assegnato a un docente di ruolo o a un docente assunto con contratto finalizzato al ruolo, non pu\u00f2 pi\u00f9 essere utilizzato per confermare il supplente dell\u2019anno precedente.<\/p>\n\n\n\n<p class=\"wp-block-paragraph\">Lo stesso pu\u00f2 accadere quando il posto non viene nuovamente autorizzato. I posti di sostegno in deroga dipendono dalle esigenze rilevate per il nuovo anno scolastico e possono cambiare per numero, durata e consistenza oraria.<\/p>\n\n\n\n<p class=\"wp-block-paragraph\">La conferma deve inoltre risultare compatibile con la tipologia di contratto scelta dal docente. Se l\u2019aspirante ha accettato soltanto un posto intero al 30 giugno, per esempio, uno spezzone residuo potrebbe non risultare compatibile con la disponibilit\u00e0 espressa.<\/p>\n\n\n\n<p class=\"wp-block-paragraph\"><\/p>\n\n\n\n<h2 class=\"wp-block-heading\">Quinta condizione: il docente deve risultare nominabile<\/h2>\n\n\n\n<p class=\"wp-block-paragraph\">Anche quando il posto \u00e8 ancora libero, l\u2019Ufficio scolastico deve verificare che il docente abbia effettivamente diritto a una nomina sulla base delle ordinarie procedure per le supplenze.<\/p>\n\n\n\n<p class=\"wp-block-paragraph\">La conferma non costituisce una riserva assoluta della cattedra. Il sistema deve accertare che l\u2019aspirante, considerando la posizione occupata, le graduatorie, le preferenze e il contingente disponibile, abbia titolo a ricevere una qualsiasi supplenza annuale o fino al termine delle attivit\u00e0 didattiche.<\/p>\n\n\n\n<p class=\"wp-block-paragraph\">La verifica non richiede necessariamente che il docente avrebbe ottenuto proprio la stessa scuola attraverso l\u2019algoritmo ordinario. Occorre per\u00f2 che risulti destinatario di una nomina nell\u2019ambito dei posti disponibili.<\/p>\n\n\n\n<p class=\"wp-block-paragraph\">Per questo motivo, l\u2019Ufficio controlla:<\/p>\n\n\n\n<ul class=\"wp-block-list\">\n<li>La posizione occupata nelle graduatorie.<\/li>\n\n\n\n<li>Le tipologie di posto richieste.<\/li>\n\n\n\n<li>Le preferenze espresse nella domanda.<\/li>\n\n\n\n<li>Il numero dei posti disponibili.<\/li>\n\n\n\n<li>La durata dei contratti indicati.<\/li>\n\n\n\n<li>L\u2019eventuale diritto a una nomina.<\/li>\n\n\n\n<li>La compatibilit\u00e0 tra il posto da confermare e la disponibilit\u00e0 manifestata.<\/li>\n<\/ul>\n\n\n\n<p class=\"wp-block-paragraph\">Se dalla verifica non emerge il diritto a una nomina, la conferma non pu\u00f2 essere disposta, anche quando la famiglia l\u2019ha richiesta e il posto risulta ancora esistente.<\/p>\n\n\n\n<p class=\"wp-block-paragraph\"><\/p>\n\n\n\n<h2 class=\"wp-block-heading\">Perch\u00e9 il posto pu\u00f2 essere stato assegnato a un docente di ruolo?<\/h2>\n\n\n\n<p class=\"wp-block-paragraph\">Le operazioni destinate al personale di ruolo precedono quelle per i supplenti.<\/p>\n\n\n\n<p class=\"wp-block-paragraph\">Un docente di ruolo pu\u00f2 arrivare sulla cattedra attraverso un trasferimento, un\u2019utilizzazione o un\u2019assegnazione provvisoria. In questo caso il posto non rientra pi\u00f9 tra quelli disponibili per la conferma.<\/p>\n\n\n\n<p class=\"wp-block-paragraph\">Non si tratta di una scelta discrezionale dell\u2019Ufficio. L\u2019Amministrazione deve rispettare l\u2019ordine delle operazioni previsto dalla normativa.<\/p>\n\n\n\n<p class=\"wp-block-paragraph\">La continuit\u00e0 del supplente trova applicazione soltanto sui posti rimasti disponibili dopo:<\/p>\n\n\n\n<ol class=\"wp-block-list\">\n<li>Le assunzioni a tempo indeterminato.<\/li>\n\n\n\n<li>Le assunzioni a tempo determinato finalizzate al ruolo.<\/li>\n\n\n\n<li>Le utilizzazioni.<\/li>\n\n\n\n<li>Le assegnazioni provvisorie.<\/li>\n\n\n\n<li>Le altre operazioni riguardanti il personale di ruolo.<\/li>\n<\/ol>\n\n\n\n<p class=\"wp-block-paragraph\">Il posto occupato nell\u2019anno precedente potrebbe inoltre essere stato ridotto, trasformato in spezzone o non nuovamente autorizzato.<\/p>\n\n\n\n<p class=\"wp-block-paragraph\"><\/p>\n\n\n\n<h2 class=\"wp-block-heading\">Perch\u00e9 la richiesta della famiglia non basta?<\/h2>\n\n\n\n<p class=\"wp-block-paragraph\">La richiesta della famiglia rappresenta una delle condizioni necessarie, ma non attribuisce un diritto diretto alla conferma del singolo docente.<\/p>\n\n\n\n<p class=\"wp-block-paragraph\">La procedura deve tutelare contemporaneamente:<\/p>\n\n\n\n<ul class=\"wp-block-list\">\n<li>L\u2019interesse dell\u2019alunno.<\/li>\n\n\n\n<li>La continuit\u00e0 del percorso educativo.<\/li>\n\n\n\n<li>I diritti degli aspiranti presenti nelle graduatorie.<\/li>\n\n\n\n<li>Le priorit\u00e0 del personale di ruolo.<\/li>\n\n\n\n<li>La corretta assegnazione dei posti disponibili.<\/li>\n\n\n\n<li>La posizione del docente da confermare.<\/li>\n<\/ul>\n\n\n\n<p class=\"wp-block-paragraph\">Il dirigente scolastico valuta l\u2019interesse educativo, mentre l\u2019Ufficio territoriale verifica gli aspetti amministrativi e il diritto alla nomina.<\/p>\n\n\n\n<p class=\"wp-block-paragraph\">La famiglia non pu\u00f2 quindi scegliere autonomamente il docente n\u00e9 sottrarre un posto alle ordinarie operazioni di reclutamento.<\/p>\n\n\n\n<p class=\"wp-block-paragraph\"><\/p>\n\n\n\n<h2 class=\"wp-block-heading\">Che ruolo ha il GLO nella conferma?<\/h2>\n\n\n\n<p class=\"wp-block-paragraph\">Il GLO contribuisce alla valutazione della situazione dell\u2019alunno e della classe. Il dirigente scolastico lo sente prima di decidere se sussistano le condizioni per proporre la continuit\u00e0.<\/p>\n\n\n\n<p class=\"wp-block-paragraph\">Il GLO non dispone direttamente la conferma e non sostituisce l\u2019Ufficio scolastico nella verifica del posto o della nominabilit\u00e0.<\/p>\n\n\n\n<p class=\"wp-block-paragraph\">La decisione si articola quindi su due livelli:<\/p>\n\n\n\n<ul class=\"wp-block-list\">\n<li>La scuola valuta l\u2019interesse educativo dell\u2019alunno.<\/li>\n\n\n\n<li>L\u2019Ufficio territoriale verifica posto, requisiti e diritto alla nomina.<\/li>\n<\/ul>\n\n\n\n<p class=\"wp-block-paragraph\">Anche un parere favorevole del GLO non pu\u00f2 superare la mancanza del posto o l\u2019assenza del diritto alla nomina.<\/p>\n\n\n\n<p class=\"wp-block-paragraph\"><\/p>\n\n\n\n<h2 class=\"wp-block-heading\">Quando si conclude la procedura di conferma?<\/h2>\n\n\n\n<p class=\"wp-block-paragraph\">Le operazioni devono concludersi <strong>improrogabilmente entro il 31 agosto 2026<\/strong>.<\/p>\n\n\n\n<p class=\"wp-block-paragraph\">Il termine riguarda l\u2019attivit\u00e0 degli Uffici territoriali. Non rappresenta una nuova scadenza entro la quale il docente deve compilare un modulo.<\/p>\n\n\n\n<p class=\"wp-block-paragraph\">Dopo il 31 agosto non possono essere effettuate nuove conferme attraverso questa procedura per l\u2019anno scolastico 2026\/2027. Restano possibili le rettifiche amministrative relative a errori gi\u00e0 accertati, secondo i poteri dell\u2019Amministrazione, ma non si apre un nuovo turno di adesione alla continuit\u00e0.<\/p>\n\n\n\n<p class=\"wp-block-paragraph\">Chi non ha ottenuto la conferma entro la conclusione delle operazioni deve quindi seguire le ordinarie procedure di attribuzione delle supplenze.<\/p>\n\n\n\n<p class=\"wp-block-paragraph\"><\/p>\n\n\n\n<h2 class=\"wp-block-heading\">Dove vengono pubblicati gli esiti?<\/h2>\n\n\n\n<p class=\"wp-block-paragraph\">Gli esiti vengono formalizzati e pubblicati dall\u2019<strong>Ufficio scolastico territoriale<\/strong> competente.<\/p>\n\n\n\n<p class=\"wp-block-paragraph\">La pubblicazione sul sito istituzionale o sull\u2019albo dell\u2019Ufficio assume normalmente valore di notifica. Non esiste un unico elenco nazionale dei docenti confermati.<\/p>\n\n\n\n<p class=\"wp-block-paragraph\">Le modalit\u00e0 concrete possono cambiare da una provincia all\u2019altra. Alcuni Uffici pubblicano un provvedimento dedicato alla continuit\u00e0; altri inseriscono gli esiti all\u2019interno di un documento che comprende anche le ordinarie operazioni di supplenza.<\/p>\n\n\n\n<p class=\"wp-block-paragraph\">Non bisogna fare affidamento esclusivamente su un\u2019email personale. La fonte da controllare rimane il sito dell\u2019Ufficio scolastico della provincia interessata, nella sezione dedicata alle nomine, alle graduatorie o alle pubblicazioni ufficiali.<\/p>\n\n\n\n<p class=\"wp-block-paragraph\">In caso di rettifica, l\u2019Ufficio pu\u00f2 pubblicare un nuovo decreto che sostituisce o modifica il precedente.<\/p>\n\n\n\n<p class=\"wp-block-paragraph\"><\/p>\n\n\n\n<h2 class=\"wp-block-heading\">L\u2019assenza del nome dall\u2019elenco significa che la conferma \u00e8 stata respinta?<\/h2>\n\n\n\n<p class=\"wp-block-paragraph\">Se l\u2019Ufficio ha concluso e pubblicato le operazioni provinciali, l\u2019assenza del nominativo indica che la conferma non \u00e8 stata disposta.<\/p>\n\n\n\n<p class=\"wp-block-paragraph\">Prima di trarre conclusioni, bisogna per\u00f2 verificare:<\/p>\n\n\n\n<ul class=\"wp-block-list\">\n<li>Se il documento pubblicato riguarda effettivamente le conferme.<\/li>\n\n\n\n<li>Se l\u2019Ufficio ha annunciato ulteriori pubblicazioni nella stessa giornata.<\/li>\n\n\n\n<li>Se esistono decreti separati per ordini scolastici differenti.<\/li>\n\n\n\n<li>Se \u00e8 stata pubblicata una rettifica.<\/li>\n\n\n\n<li>Se il nominativo compare in un allegato distinto.<\/li>\n\n\n\n<li>Se l\u2019Ufficio utilizza codici o dati parzialmente oscurati.<\/li>\n<\/ul>\n\n\n\n<p class=\"wp-block-paragraph\">Per conoscere la causa concreta del mancato esito, il docente pu\u00f2 presentare una richiesta di chiarimento all\u2019Ufficio o chiedere alla scuola se la procedura precedente era stata completata positivamente.<\/p>\n\n\n\n<p class=\"wp-block-paragraph\"><\/p>\n\n\n\n<h2 class=\"wp-block-heading\">Cosa succede se non si ottiene la conferma?<\/h2>\n\n\n\n<p class=\"wp-block-paragraph\">Il docente non confermato partecipa alle normali operazioni informatizzate per le supplenze, purch\u00e9 abbia presentato correttamente la domanda.<\/p>\n\n\n\n<p class=\"wp-block-paragraph\">L\u2019algoritmo considera:<\/p>\n\n\n\n<ul class=\"wp-block-list\">\n<li>Il punteggio.<\/li>\n\n\n\n<li>La posizione in graduatoria.<\/li>\n\n\n\n<li>Le preferenze espresse.<\/li>\n\n\n\n<li>Le tipologie di posto richieste.<\/li>\n\n\n\n<li>Le disponibilit\u00e0 presenti nel turno.<\/li>\n\n\n\n<li>Le eventuali riserve e precedenze applicabili.<\/li>\n\n\n\n<li>Le sanzioni eventualmente gi\u00e0 maturate.<\/li>\n<\/ul>\n\n\n\n<p class=\"wp-block-paragraph\">Il mancato esito della continuit\u00e0 non riduce il punteggio, non comporta l\u2019esclusione dalle GPS e non equivale a una rinuncia.<\/p>\n\n\n\n<p class=\"wp-block-paragraph\">Il docente pu\u00f2 quindi ottenere un\u2019altra scuola, un diverso posto di sostegno oppure, se richiesto nella domanda, un incarico su posto comune.<\/p>\n\n\n\n<p class=\"wp-block-paragraph\"><\/p>\n\n\n\n<h2 class=\"wp-block-heading\">In quale ordine vengono assegnate le supplenze sul sostegno?<\/h2>\n\n\n\n<p class=\"wp-block-paragraph\">Per le supplenze sul sostegno, l\u2019Ufficio deve rispettare l\u2019ordine previsto dall\u2019OM n. 27\/2026.<\/p>\n\n\n\n<p class=\"wp-block-paragraph\">In via generale, vengono utilizzati:<\/p>\n\n\n\n<ol class=\"wp-block-list\">\n<li>Gli elenchi di sostegno delle GAE.<\/li>\n\n\n\n<li>La prima fascia delle GPS sostegno, nella quale sono inseriti i docenti specializzati.<\/li>\n\n\n\n<li>La seconda fascia delle GPS sostegno, riservata ai docenti con i requisiti di servizio previsti.<\/li>\n\n\n\n<li>Dopo l\u2019esaurimento delle graduatorie di sostegno, gli elenchi incrociati ricavati dalle GAE e dalle GPS di posto comune.<\/li>\n\n\n\n<li>In caso di ulteriore incapienza, le graduatorie di istituto e, successivamente, gli interpelli.<\/li>\n<\/ol>\n\n\n\n<p class=\"wp-block-paragraph\">La collocazione in una fascia precedente prevale sul punteggio di chi appartiene a una fase successiva. Per questo pu\u00f2 accadere che un docente con meno punti riceva la nomina prima di un aspirante collocato in un elenco utilizzato successivamente.<\/p>\n\n\n\n<p class=\"wp-block-paragraph\">Il confronto del solo punteggio non basta quindi per stabilire se l\u2019assegnazione sia corretta. Bisogna controllare anche la fascia, il canale di reclutamento e il grado scolastico.<\/p>\n\n\n\n<p class=\"wp-block-paragraph\"><\/p>\n\n\n\n<h2 class=\"wp-block-heading\">Le nomine continuano dopo il primo turno?<\/h2>\n\n\n\n<p class=\"wp-block-paragraph\">S\u00ec. Le disponibilit\u00e0 possono cambiare dopo il primo bollettino per effetto di:<\/p>\n\n\n\n<ul class=\"wp-block-list\">\n<li>Rinunce.<\/li>\n\n\n\n<li>Mancate prese di servizio.<\/li>\n\n\n\n<li>Rettifiche.<\/li>\n\n\n\n<li>Nuove autorizzazioni di posti in deroga.<\/li>\n\n\n\n<li>Comunicazioni tardive delle scuole.<\/li>\n\n\n\n<li>Assestamenti dell\u2019organico.<\/li>\n\n\n\n<li>Liberazione di posti precedentemente accantonati.<\/li>\n<\/ul>\n\n\n\n<p class=\"wp-block-paragraph\">I posti che risultano disponibili entro il 31 dicembre possono essere coperti con contratti al 31 agosto o al 30 giugno, in base alla loro natura giuridica. Le modalit\u00e0 di assegnazione dipendono per\u00f2 dalla fase raggiunta nella provincia.<\/p>\n\n\n\n<p class=\"wp-block-paragraph\">L\u2019Ufficio pu\u00f2 procedere con ulteriori turni provinciali oppure restituire le disponibilit\u00e0 alle scuole, che utilizzano le graduatorie di istituto. Se queste risultano esaurite, pu\u00f2 essere pubblicato un interpello.<\/p>\n\n\n\n<p class=\"wp-block-paragraph\">Rimanere senza incarico nel primo turno non significa quindi essere esclusi dall\u2019intero anno scolastico.<\/p>\n\n\n\n<p class=\"wp-block-paragraph\"><\/p>\n\n\n\n<h2 class=\"wp-block-heading\">Chi riceve uno spezzone pu\u00f2 completare l\u2019orario?<\/h2>\n\n\n\n<p class=\"wp-block-paragraph\">S\u00ec. Il docente che ottiene una supplenza a orario non intero conserva il diritto al <strong>completamento d\u2019orario<\/strong> nella stessa provincia, nel rispetto delle disponibilit\u00e0 e delle regole previste dall\u2019ordinanza.<\/p>\n\n\n\n<p class=\"wp-block-paragraph\">Il completamento pu\u00f2 avvenire fino al raggiungimento dell\u2019orario obbligatorio del corrispondente personale di ruolo.<\/p>\n\n\n\n<p class=\"wp-block-paragraph\">Devono essere rispettati:<\/p>\n\n\n\n<ul class=\"wp-block-list\">\n<li>La compatibilit\u00e0 degli orari.<\/li>\n\n\n\n<li>La facile raggiungibilit\u00e0 delle sedi.<\/li>\n\n\n\n<li>Il limite massimo delle scuole e dei comuni.<\/li>\n\n\n\n<li>La posizione occupata nelle graduatorie.<\/li>\n\n\n\n<li>L\u2019unicit\u00e0 dell\u2019insegnamento nella classe.<\/li>\n\n\n\n<li>Le preferenze espresse.<\/li>\n<\/ul>\n\n\n\n<p class=\"wp-block-paragraph\">Il diritto a partecipare al completamento non garantisce che saranno disponibili ore compatibili, ma l\u2019accettazione dello spezzone non elimina automaticamente questa possibilit\u00e0.<\/p>\n\n\n\n<p class=\"wp-block-paragraph\">Anche un docente confermato su spezzone pu\u00f2 conservare il diritto al completamento nei limiti previsti.<\/p>\n\n\n\n<p class=\"wp-block-paragraph\"><\/p>\n\n\n\n<h2 class=\"wp-block-heading\">Chi non viene confermato pu\u00f2 partecipare agli interpelli?<\/h2>\n\n\n\n<p class=\"wp-block-paragraph\">S\u00ec, purch\u00e9 non abbia gi\u00e0 ottenuto un altro contratto e non sia incorso in una sanzione che preclude la partecipazione.<\/p>\n\n\n\n<p class=\"wp-block-paragraph\">Gli interpelli intervengono quando le graduatorie di istituto risultano esaurite e la scuola non riesce a coprire la disponibilit\u00e0 attraverso i canali ordinari.<\/p>\n\n\n\n<p class=\"wp-block-paragraph\">Non pu\u00f2 invece utilizzare gli interpelli chi:<\/p>\n\n\n\n<ul class=\"wp-block-list\">\n<li>Ha gi\u00e0 ricevuto un contratto a tempo determinato incompatibile con la procedura.<\/li>\n\n\n\n<li>\u00c8 stato confermato sul posto di sostegno.<\/li>\n\n\n\n<li>Ha rinunciato a una nomina da GAE o GPS ed \u00e8 soggetto alla relativa sanzione.<\/li>\n\n\n\n<li>Non possiede i requisiti indicati nell\u2019avviso.<\/li>\n\n\n\n<li>Ha abbandonato un incarico ed \u00e8 soggetto alla sanzione prevista dall\u2019articolo 15.<\/li>\n<\/ul>\n\n\n\n<p class=\"wp-block-paragraph\">Il mancato esito della continuit\u00e0, da solo, non impedisce di candidarsi.<\/p>\n\n\n\n<p class=\"wp-block-paragraph\"><\/p>\n\n\n\n<h2 class=\"wp-block-heading\">Cosa succede al docente che ottiene la conferma?<\/h2>\n\n\n\n<p class=\"wp-block-paragraph\">Quando tutte le verifiche hanno esito positivo, l\u2019Ufficio dispone la conferma con precedenza rispetto alle ordinarie operazioni informatizzate di attribuzione delle supplenze.<\/p>\n\n\n\n<p class=\"wp-block-paragraph\">Il docente confermato viene escluso dalle ulteriori procedure di conferimento degli incarichi per l\u2019anno scolastico 2026\/2027.<\/p>\n\n\n\n<p class=\"wp-block-paragraph\">Non pu\u00f2 quindi ottenere:<\/p>\n\n\n\n<ul class=\"wp-block-list\">\n<li>Un\u2019altra nomina da GAE o GPS.<\/li>\n\n\n\n<li>Una supplenza da graduatoria di istituto.<\/li>\n\n\n\n<li>Una supplenza attraverso interpello.<\/li>\n\n\n\n<li>Un incarico differente sulla base delle altre preferenze espresse.<\/li>\n<\/ul>\n\n\n\n<p class=\"wp-block-paragraph\">Resta possibile il completamento d\u2019orario quando la conferma riguarda uno spezzone e sussistono le condizioni previste.<\/p>\n\n\n\n<p class=\"wp-block-paragraph\"><\/p>\n\n\n\n<h2 class=\"wp-block-heading\">Si pu\u00f2 rinunciare alla conferma dopo averla accettata?<\/h2>\n\n\n\n<p class=\"wp-block-paragraph\">La disponibilit\u00e0 espressa nella domanda POLIS \u00e8 <strong>definitiva, vincolante e irrevocabile<\/strong>.<\/p>\n\n\n\n<p class=\"wp-block-paragraph\">Se la conferma viene formalmente disposta e il docente successivamente rinuncia oppure non prende servizio, si applicano le conseguenze previste dall\u2019articolo 15 dell\u2019OM n. 27\/2026.<\/p>\n\n\n\n<p class=\"wp-block-paragraph\">La rinuncia alla conferma o la mancata presa di servizio comporta la perdita della possibilit\u00e0 di ottenere supplenze annuali e fino al termine delle attivit\u00e0 didattiche:<\/p>\n\n\n\n<ul class=\"wp-block-list\">\n<li>Per tutte le classi di concorso.<\/li>\n\n\n\n<li>Per tutte le tipologie di posto.<\/li>\n\n\n\n<li>Per ogni grado scolastico.<\/li>\n\n\n\n<li>Per l\u2019intero periodo di validit\u00e0 delle graduatorie 2026\/2028.<\/li>\n\n\n\n<li>Anche attraverso le graduatorie di istituto in caso di esaurimento delle graduatorie provinciali.<\/li>\n\n\n\n<li>Anche tramite interpello.<\/li>\n<\/ul>\n\n\n\n<p class=\"wp-block-paragraph\">Restano accessibili soltanto le supplenze brevi e temporanee da graduatoria di istituto, nei limiti previsti dall\u2019ordinanza.<\/p>\n\n\n\n<p class=\"wp-block-paragraph\">Non \u00e8 quindi corretto affermare che le conseguenze della rinuncia alla conferma dipendano esclusivamente dagli avvisi provinciali. La disciplina deriva direttamente dall\u2019OM n. 27\/2026.<\/p>\n\n\n\n<p class=\"wp-block-paragraph\"><\/p>\n\n\n\n<h2 class=\"wp-block-heading\">Cosa succede in caso di abbandono del servizio?<\/h2>\n\n\n\n<p class=\"wp-block-paragraph\">L\u2019abbandono si verifica quando il docente prende servizio e lascia successivamente l\u2019incarico prima della scadenza, senza rientrare in una situazione consentita dalla normativa.<\/p>\n\n\n\n<p class=\"wp-block-paragraph\">La sanzione \u00e8 pi\u00f9 grave rispetto alla rinuncia.<\/p>\n\n\n\n<p class=\"wp-block-paragraph\">L\u2019abbandono comporta la perdita della possibilit\u00e0 di ottenere qualsiasi supplenza:<\/p>\n\n\n\n<ul class=\"wp-block-list\">\n<li>Annuale al 31 agosto.<\/li>\n\n\n\n<li>Fino al termine delle attivit\u00e0 didattiche.<\/li>\n\n\n\n<li>Breve o temporanea.<\/li>\n\n\n\n<li>Da GAE.<\/li>\n\n\n\n<li>Da GPS.<\/li>\n\n\n\n<li>Da graduatoria di istituto.<\/li>\n\n\n\n<li>Da interpello.<\/li>\n<\/ul>\n\n\n\n<p class=\"wp-block-paragraph\">La preclusione riguarda tutte le classi di concorso, tutte le tipologie di posto e l\u2019intero periodo di validit\u00e0 delle graduatorie 2026\/2028.<\/p>\n\n\n\n<p class=\"wp-block-paragraph\">Prima di lasciare un incarico gi\u00e0 iniziato \u00e8 quindi indispensabile verificare le conseguenze con la scuola e con l\u2019Ufficio competente.<\/p>\n\n\n\n<p class=\"wp-block-paragraph\"><\/p>\n\n\n\n<h2 class=\"wp-block-heading\">Si pu\u00f2 lasciare una supplenza breve per un incarico al 30 giugno o al 31 agosto?<\/h2>\n\n\n\n<p class=\"wp-block-paragraph\">S\u00ec. Un docente che sta svolgendo una supplenza breve o temporanea pu\u00f2 lasciarla per accettare:<\/p>\n\n\n\n<ul class=\"wp-block-list\">\n<li>Una supplenza annuale fino al 31 agosto.<\/li>\n\n\n\n<li>Una supplenza fino al termine delle attivit\u00e0 didattiche, normalmente al 30 giugno.<\/li>\n<\/ul>\n\n\n\n<p class=\"wp-block-paragraph\">Questo passaggio non viene considerato un abbandono sanzionabile perch\u00e9 consente al docente di accettare un incarico di durata maggiore.<\/p>\n\n\n\n<p class=\"wp-block-paragraph\">Il nuovo incarico deve essere stato effettivamente conferito. Non \u00e8 opportuno lasciare il contratto in corso sulla base della semplice aspettativa di ricevere una nomina.<\/p>\n\n\n\n<p class=\"wp-block-paragraph\"><\/p>\n\n\n\n<h2 class=\"wp-block-heading\">Non essere confermati equivale a una rinuncia?<\/h2>\n\n\n\n<p class=\"wp-block-paragraph\">No. Se la procedura non si conclude positivamente perch\u00e9 manca il posto, il docente non risulta nominabile o non ricorre un\u2019altra condizione richiesta, non si verifica alcuna rinuncia.<\/p>\n\n\n\n<p class=\"wp-block-paragraph\">Il docente continua a partecipare alle ordinarie operazioni di supplenza.<\/p>\n\n\n\n<p class=\"wp-block-paragraph\">La situazione cambia soltanto quando l\u2019Ufficio dispone la conferma e il docente:<\/p>\n\n\n\n<ul class=\"wp-block-list\">\n<li>La rifiuta.<\/li>\n\n\n\n<li>Non prende servizio.<\/li>\n\n\n\n<li>Prende servizio e successivamente abbandona l\u2019incarico.<\/li>\n<\/ul>\n\n\n\n<p class=\"wp-block-paragraph\">In questi casi trovano applicazione le sanzioni previste dall\u2019articolo 15 dell\u2019ordinanza.<\/p>\n\n\n\n<p class=\"wp-block-paragraph\"><\/p>\n\n\n\n<h2 class=\"wp-block-heading\">Cosa controllare se la conferma non \u00e8 arrivata<\/h2>\n\n\n\n<p class=\"wp-block-paragraph\">Per ricostruire il motivo del mancato esito \u00e8 utile verificare cinque passaggi.<\/p>\n\n\n\n<p class=\"wp-block-paragraph\">Il docente dovrebbe controllare se rientrava tra le categorie ammesse, se la famiglia aveva presentato la richiesta entro il 31 maggio, se il dirigente aveva concluso positivamente la valutazione, se la disponibilit\u00e0 era stata confermata nell\u2019istanza POLIS e se la sezione ordinaria delle preferenze era stata compilata.<\/p>\n\n\n\n<p class=\"wp-block-paragraph\">Successivamente bisogna verificare il quadro delle disponibilit\u00e0 pubblicato dall\u2019Ufficio, controllando se il posto esiste ancora, se \u00e8 stato assegnato a personale di ruolo e se conserva la durata e il numero di ore richiesti.<\/p>\n\n\n\n<p class=\"wp-block-paragraph\">Infine, si pu\u00f2 chiedere all\u2019Ufficio scolastico un chiarimento sulla verifica di nominabilit\u00e0, indicando i propri dati, il grado scolastico, la sede interessata e il provvedimento pubblicato.<\/p>\n\n\n\n<p class=\"wp-block-paragraph\"><\/p>\n\n\n\n<h2 class=\"wp-block-heading\">Domande frequenti sulla mancata conferma sul sostegno<\/h2>\n\n\n\n<p class=\"wp-block-paragraph\"><strong>Non sono stato confermato sul sostegno: posso ancora lavorare?<\/strong><\/p>\n\n\n\n<p class=\"wp-block-paragraph\">S\u00ec. Il mancato esito non comporta alcuna esclusione. Se hai presentato correttamente la domanda, partecipi alle ordinarie operazioni per le supplenze sulla base del punteggio e delle preferenze espresse. Puoi inoltre ricevere supplenze brevi e, se non hai gi\u00e0 un contratto e non sei soggetto a sanzioni, partecipare agli interpelli.<\/p>\n\n\n\n<p class=\"wp-block-paragraph\"><strong>Dove posso controllare l\u2019esito della conferma?<\/strong><\/p>\n\n\n\n<p class=\"wp-block-paragraph\">Sul sito dell\u2019Ufficio scolastico territoriale competente. Il provvedimento pu\u00f2 essere pubblicato in un documento dedicato oppure insieme agli esiti delle altre operazioni. La pubblicazione sul sito istituzionale assume normalmente valore di notifica.<\/p>\n\n\n\n<p class=\"wp-block-paragraph\"><strong>La famiglia aveva presentato la richiesta: perch\u00e9 non sono stato confermato?<\/strong><\/p>\n\n\n\n<p class=\"wp-block-paragraph\">La richiesta della famiglia costituisce soltanto il primo passaggio. Servono anche la valutazione positiva del dirigente, la disponibilit\u00e0 definitiva del docente, l\u2019esistenza del posto dopo le operazioni del personale di ruolo e il riconoscimento del diritto a una nomina nel contingente disponibile.<\/p>\n\n\n\n<p class=\"wp-block-paragraph\"><strong>Il posto era ancora libero: perch\u00e9 non \u00e8 stata disposta la conferma?<\/strong><\/p>\n\n\n\n<p class=\"wp-block-paragraph\">La conferma non rappresenta una riserva assoluta della sede. L\u2019Ufficio deve verificare che il docente abbia titolo a ottenere una qualsiasi nomina annuale o fino al 30 giugno in base alla posizione, alle graduatorie, alle preferenze e ai posti disponibili. Anche la mancata compilazione della sezione ordinaria della domanda impedisce questa verifica.<\/p>\n\n\n\n<p class=\"wp-block-paragraph\"><strong>La conferma vale anche per i docenti non specializzati?<\/strong><\/p>\n\n\n\n<p class=\"wp-block-paragraph\">S\u00ec, ma soltanto per alcune categorie. Possono rientrare i docenti privi di specializzazione nominati dalla seconda fascia GPS sostegno e quelli individuati a livello provinciale attraverso lo scorrimento incrociato delle GAE e GPS di posto comune. Non rientrano generalmente i non specializzati nominati da graduatoria di istituto o interpello.<\/p>\n\n\n\n<p class=\"wp-block-paragraph\"><strong>Una supplenza breve permette di ottenere la conferma?<\/strong><\/p>\n\n\n\n<p class=\"wp-block-paragraph\">No. La procedura riguarda i docenti che nell\u2019anno precedente hanno lavorato su sostegno con contratto fino al 31 agosto o fino al 30 giugno, anche su spezzone. Le supplenze brevi e temporanee sono escluse.<\/p>\n\n\n\n<p class=\"wp-block-paragraph\"><strong>Se non sono stato confermato devo presentare una nuova domanda?<\/strong><\/p>\n\n\n\n<p class=\"wp-block-paragraph\">No. Continui a partecipare alle operazioni sulla base dell\u2019istanza gi\u00e0 presentata. \u00c8 per\u00f2 importante monitorare i bollettini dell\u2019Ufficio scolastico e le convocazioni delle scuole.<\/p>\n\n\n\n<p class=\"wp-block-paragraph\"><strong>Se rifiuto una nomina da GPS dopo la mancata conferma, cosa rischio?<\/strong><\/p>\n\n\n\n<p class=\"wp-block-paragraph\">La rinuncia o la mancata presa di servizio su una supplenza annuale o fino al 30 giugno comporta la perdita della possibilit\u00e0 di ottenere altri incarichi della stessa durata per l\u2019intero periodo di validit\u00e0 delle graduatorie 2026\/2028, per tutte le classi di concorso e tipologie di posto. La preclusione si estende anche agli interpelli. Restano possibili soltanto le supplenze brevi e temporanee da graduatoria di istituto.<\/p>\n\n\n\n<p class=\"wp-block-paragraph\"><strong>Se accetto la conferma e poi non prendo servizio, cosa succede?<\/strong><\/p>\n\n\n\n<p class=\"wp-block-paragraph\">Si applica la stessa sanzione prevista per la rinuncia a una nomina annuale o fino al 30 giugno. La scelta espressa nella domanda POLIS \u00e8 definitiva e irrevocabile.<\/p>\n\n\n\n<p class=\"wp-block-paragraph\"><strong>Se prendo servizio e poi abbandono l\u2019incarico, posso ricevere supplenze brevi?<\/strong><\/p>\n\n\n\n<p class=\"wp-block-paragraph\">No. L\u2019abbandono comporta la perdita della possibilit\u00e0 di ottenere qualsiasi tipo di supplenza per l\u2019intero periodo di validit\u00e0 delle graduatorie, comprese quelle brevi e temporanee.<\/p>\n\n\n\n<p class=\"wp-block-paragraph\"><em>Se hai trovato utile questo contenuto, prova a dare un&#8217;occhiata a questo: <\/em><\/p>\n\n\n<p><span style=\"color: #800000;\"><em><strong><a style=\"color: #800000;\" href=\"https:\/\/www.docenti.it\/blog\/conferma-sostegno-2026-27-diritti-docenti-ruolo\/\">Conferma sostegno 2026\/27 e diritti dei docenti di ruolo<\/a><\/strong><\/em><\/span><\/p>\n\n\n<p class=\"wp-block-paragraph\">Per ulteriori news e aggiornamenti sul mondo scuola, segui il\u00a0<strong><a href=\"https:\/\/www.docenti.it\/blog\/\" target=\"_blank\" rel=\"noreferrer noopener\">blog<\/a><\/strong>\u00a0di\u00a0<strong><a href=\"https:\/\/www.docenti.it\/\">Docenti.it<\/a><\/strong><\/p>\n","protected":false},"excerpt":{"rendered":"<p>La domanda riguarda molti docenti in queste ore: perch\u00e9 non ho avuto la conferma [&hellip;]<\/p>\n","protected":false},"author":25,"featured_media":1172,"comment_status":"open","ping_status":"open","sticky":false,"template":"","format":"standard","meta":{"footnotes":""},"categories":[4],"tags":[1126,1306],"class_list":["post-48832","post","type-post","status-publish","format-standard","has-post-thumbnail","hentry","category-news","tag-conferma-sostegno","tag-continuita-sostegno-2026-27"],"yoast_head":"<!-- This site is optimized with the Yoast SEO plugin v27.9 - https:\/\/yoast.com\/product\/yoast-seo-wordpress\/ -->\n<title>Perch\u00e9 non ho avuto la conferma sul sostegno: le cinque condizioni essenziali<\/title>\n<meta name=\"description\" content=\"Perch\u00e9 non ho avuto la conferma sul sostegno? Le cause reali del mancato esito entro il 31 agosto 2026 e cosa succede ora.\" \/>\n<meta name=\"robots\" content=\"index, follow, max-snippet:-1, max-image-preview:large, max-video-preview:-1\" \/>\n<link rel=\"canonical\" href=\"https:\/\/www.docenti.it\/blog\/perche-non-ho-avuto-la-conferma-sul-sostegno\/\" \/>\n<meta property=\"og:locale\" content=\"it_IT\" \/>\n<meta property=\"og:type\" content=\"article\" \/>\n<meta property=\"og:title\" content=\"Perch\u00e9 non ho avuto la conferma sul sostegno: le cinque condizioni essenziali\" \/>\n<meta property=\"og:description\" content=\"Perch\u00e9 non ho avuto la conferma sul sostegno? Le cause reali del mancato esito entro il 31 agosto 2026 e cosa succede ora.\" \/>\n<meta property=\"og:url\" content=\"https:\/\/www.docenti.it\/blog\/perche-non-ho-avuto-la-conferma-sul-sostegno\/\" \/>\n<meta property=\"og:site_name\" content=\"Blog | Docenti.it\" \/>\n<meta property=\"article:publisher\" content=\"https:\/\/www.facebook.com\/docenti.it\" \/>\n<meta property=\"article:published_time\" content=\"2026-08-31T16:06:48+00:00\" \/>\n<meta property=\"article:modified_time\" content=\"2026-08-31T16:06:49+00:00\" \/>\n<meta property=\"og:image\" content=\"https:\/\/www.docenti.it\/blog\/wp-content\/uploads\/2019\/10\/messa-a-disposizione-mancano-supplenti-scaled.jpg\" \/>\n\t<meta property=\"og:image:width\" content=\"1707\" \/>\n\t<meta property=\"og:image:height\" content=\"2560\" \/>\n\t<meta property=\"og:image:type\" content=\"image\/jpeg\" \/>\n<meta name=\"author\" content=\"Gabriella Capraro\" \/>\n<meta name=\"twitter:card\" content=\"summary_large_image\" \/>\n<meta name=\"twitter:label1\" content=\"Scritto da\" \/>\n\t<meta name=\"twitter:data1\" content=\"Gabriella Capraro\" \/>\n\t<meta name=\"twitter:label2\" content=\"Tempo di lettura stimato\" \/>\n\t<meta name=\"twitter:data2\" content=\"18 minuti\" \/>\n<script type=\"application\/ld+json\" class=\"yoast-schema-graph\">{\"@context\":\"https:\\\/\\\/schema.org\",\"@graph\":[{\"@type\":\"Article\",\"@id\":\"https:\\\/\\\/www.docenti.it\\\/blog\\\/perche-non-ho-avuto-la-conferma-sul-sostegno\\\/#article\",\"isPartOf\":{\"@id\":\"https:\\\/\\\/www.docenti.it\\\/blog\\\/perche-non-ho-avuto-la-conferma-sul-sostegno\\\/\"},\"author\":{\"name\":\"Gabriella Capraro\",\"@id\":\"https:\\\/\\\/www.docenti.it\\\/blog\\\/#\\\/schema\\\/person\\\/773963d3c0645bd34c150c41a13e5754\"},\"headline\":\"Perch\u00e9 non ho avuto la conferma sul sostegno: le cinque condizioni necessarie\",\"datePublished\":\"2026-08-31T16:06:48+00:00\",\"dateModified\":\"2026-08-31T16:06:49+00:00\",\"mainEntityOfPage\":{\"@id\":\"https:\\\/\\\/www.docenti.it\\\/blog\\\/perche-non-ho-avuto-la-conferma-sul-sostegno\\\/\"},\"wordCount\":3659,\"commentCount\":0,\"publisher\":{\"@id\":\"https:\\\/\\\/www.docenti.it\\\/blog\\\/#organization\"},\"image\":{\"@id\":\"https:\\\/\\\/www.docenti.it\\\/blog\\\/perche-non-ho-avuto-la-conferma-sul-sostegno\\\/#primaryimage\"},\"thumbnailUrl\":\"https:\\\/\\\/www.docenti.it\\\/blog\\\/wp-content\\\/uploads\\\/2019\\\/10\\\/messa-a-disposizione-mancano-supplenti-scaled.jpg\",\"keywords\":[\"conferma sostegno\",\"continuit\u00e0 sostegno 2026\\\/27\"],\"articleSection\":[\"News\"],\"inLanguage\":\"it-IT\",\"potentialAction\":[{\"@type\":\"CommentAction\",\"name\":\"Comment\",\"target\":[\"https:\\\/\\\/www.docenti.it\\\/blog\\\/perche-non-ho-avuto-la-conferma-sul-sostegno\\\/#respond\"]}]},{\"@type\":\"WebPage\",\"@id\":\"https:\\\/\\\/www.docenti.it\\\/blog\\\/perche-non-ho-avuto-la-conferma-sul-sostegno\\\/\",\"url\":\"https:\\\/\\\/www.docenti.it\\\/blog\\\/perche-non-ho-avuto-la-conferma-sul-sostegno\\\/\",\"name\":\"Perch\u00e9 non ho avuto la conferma sul sostegno: le cinque condizioni essenziali\",\"isPartOf\":{\"@id\":\"https:\\\/\\\/www.docenti.it\\\/blog\\\/#website\"},\"primaryImageOfPage\":{\"@id\":\"https:\\\/\\\/www.docenti.it\\\/blog\\\/perche-non-ho-avuto-la-conferma-sul-sostegno\\\/#primaryimage\"},\"image\":{\"@id\":\"https:\\\/\\\/www.docenti.it\\\/blog\\\/perche-non-ho-avuto-la-conferma-sul-sostegno\\\/#primaryimage\"},\"thumbnailUrl\":\"https:\\\/\\\/www.docenti.it\\\/blog\\\/wp-content\\\/uploads\\\/2019\\\/10\\\/messa-a-disposizione-mancano-supplenti-scaled.jpg\",\"datePublished\":\"2026-08-31T16:06:48+00:00\",\"dateModified\":\"2026-08-31T16:06:49+00:00\",\"description\":\"Perch\u00e9 non ho avuto la conferma sul sostegno? Le cause reali del mancato esito entro il 31 agosto 2026 e cosa succede ora.\",\"breadcrumb\":{\"@id\":\"https:\\\/\\\/www.docenti.it\\\/blog\\\/perche-non-ho-avuto-la-conferma-sul-sostegno\\\/#breadcrumb\"},\"inLanguage\":\"it-IT\",\"potentialAction\":[{\"@type\":\"ReadAction\",\"target\":[\"https:\\\/\\\/www.docenti.it\\\/blog\\\/perche-non-ho-avuto-la-conferma-sul-sostegno\\\/\"]}]},{\"@type\":\"ImageObject\",\"inLanguage\":\"it-IT\",\"@id\":\"https:\\\/\\\/www.docenti.it\\\/blog\\\/perche-non-ho-avuto-la-conferma-sul-sostegno\\\/#primaryimage\",\"url\":\"https:\\\/\\\/www.docenti.it\\\/blog\\\/wp-content\\\/uploads\\\/2019\\\/10\\\/messa-a-disposizione-mancano-supplenti-scaled.jpg\",\"contentUrl\":\"https:\\\/\\\/www.docenti.it\\\/blog\\\/wp-content\\\/uploads\\\/2019\\\/10\\\/messa-a-disposizione-mancano-supplenti-scaled.jpg\",\"width\":1707,\"height\":2560,\"caption\":\"Sostegno 2026\\\/27\"},{\"@type\":\"BreadcrumbList\",\"@id\":\"https:\\\/\\\/www.docenti.it\\\/blog\\\/perche-non-ho-avuto-la-conferma-sul-sostegno\\\/#breadcrumb\",\"itemListElement\":[{\"@type\":\"ListItem\",\"position\":1,\"name\":\"Home\",\"item\":\"https:\\\/\\\/www.docenti.it\\\/blog\\\/\"},{\"@type\":\"ListItem\",\"position\":2,\"name\":\"Perch\u00e9 non ho avuto la conferma sul sostegno: le cinque condizioni necessarie\"}]},{\"@type\":\"WebSite\",\"@id\":\"https:\\\/\\\/www.docenti.it\\\/blog\\\/#website\",\"url\":\"https:\\\/\\\/www.docenti.it\\\/blog\\\/\",\"name\":\"Blog | Docenti.it\",\"description\":\"Tutte le notizie e gli aggiornamenti dal mondo della scuola\",\"publisher\":{\"@id\":\"https:\\\/\\\/www.docenti.it\\\/blog\\\/#organization\"},\"potentialAction\":[{\"@type\":\"SearchAction\",\"target\":{\"@type\":\"EntryPoint\",\"urlTemplate\":\"https:\\\/\\\/www.docenti.it\\\/blog\\\/?s={search_term_string}\"},\"query-input\":{\"@type\":\"PropertyValueSpecification\",\"valueRequired\":true,\"valueName\":\"search_term_string\"}}],\"inLanguage\":\"it-IT\"},{\"@type\":\"Organization\",\"@id\":\"https:\\\/\\\/www.docenti.it\\\/blog\\\/#organization\",\"name\":\"Blog | Docenti.it\",\"url\":\"https:\\\/\\\/www.docenti.it\\\/blog\\\/\",\"logo\":{\"@type\":\"ImageObject\",\"inLanguage\":\"it-IT\",\"@id\":\"https:\\\/\\\/www.docenti.it\\\/blog\\\/#\\\/schema\\\/logo\\\/image\\\/\",\"url\":\"https:\\\/\\\/www.docenti.it\\\/blog\\\/wp-content\\\/uploads\\\/2025\\\/06\\\/fb_mad_img.png\",\"contentUrl\":\"https:\\\/\\\/www.docenti.it\\\/blog\\\/wp-content\\\/uploads\\\/2025\\\/06\\\/fb_mad_img.png\",\"width\":1140,\"height\":620,\"caption\":\"Blog | Docenti.it\"},\"image\":{\"@id\":\"https:\\\/\\\/www.docenti.it\\\/blog\\\/#\\\/schema\\\/logo\\\/image\\\/\"},\"sameAs\":[\"https:\\\/\\\/www.facebook.com\\\/docenti.it\"]},{\"@type\":\"Person\",\"@id\":\"https:\\\/\\\/www.docenti.it\\\/blog\\\/#\\\/schema\\\/person\\\/773963d3c0645bd34c150c41a13e5754\",\"name\":\"Gabriella Capraro\",\"image\":{\"@type\":\"ImageObject\",\"inLanguage\":\"it-IT\",\"@id\":\"https:\\\/\\\/secure.gravatar.com\\\/avatar\\\/761075ddede7748b5d672d655cf8f326b9e5974df7bb15c5f378e7b84ddae927?s=96&d=mm&r=g\",\"url\":\"https:\\\/\\\/secure.gravatar.com\\\/avatar\\\/761075ddede7748b5d672d655cf8f326b9e5974df7bb15c5f378e7b84ddae927?s=96&d=mm&r=g\",\"contentUrl\":\"https:\\\/\\\/secure.gravatar.com\\\/avatar\\\/761075ddede7748b5d672d655cf8f326b9e5974df7bb15c5f378e7b84ddae927?s=96&d=mm&r=g\",\"caption\":\"Gabriella Capraro\"},\"description\":\"Copywriter e digital strategist, collabora come articolista e autrice per diverse piattaforme online, spaziando da tematiche scolastiche\\\/istituzionali a letterarie e musicali.\",\"url\":\"https:\\\/\\\/www.docenti.it\\\/blog\\\/author\\\/gcapraro\\\/\"}]}<\/script>\n<!-- \/ Yoast SEO plugin. -->","yoast_head_json":{"title":"Perch\u00e9 non ho avuto la conferma sul sostegno: le cinque condizioni essenziali","description":"Perch\u00e9 non ho avuto la conferma sul sostegno? Le cause reali del mancato esito entro il 31 agosto 2026 e cosa succede ora.","robots":{"index":"index","follow":"follow","max-snippet":"max-snippet:-1","max-image-preview":"max-image-preview:large","max-video-preview":"max-video-preview:-1"},"canonical":"https:\/\/www.docenti.it\/blog\/perche-non-ho-avuto-la-conferma-sul-sostegno\/","og_locale":"it_IT","og_type":"article","og_title":"Perch\u00e9 non ho avuto la conferma sul sostegno: le cinque condizioni essenziali","og_description":"Perch\u00e9 non ho avuto la conferma sul sostegno? Le cause reali del mancato esito entro il 31 agosto 2026 e cosa succede ora.","og_url":"https:\/\/www.docenti.it\/blog\/perche-non-ho-avuto-la-conferma-sul-sostegno\/","og_site_name":"Blog | Docenti.it","article_publisher":"https:\/\/www.facebook.com\/docenti.it","article_published_time":"2026-08-31T16:06:48+00:00","article_modified_time":"2026-08-31T16:06:49+00:00","og_image":[{"width":1707,"height":2560,"url":"https:\/\/www.docenti.it\/blog\/wp-content\/uploads\/2019\/10\/messa-a-disposizione-mancano-supplenti-scaled.jpg","type":"image\/jpeg"}],"author":"Gabriella Capraro","twitter_card":"summary_large_image","twitter_misc":{"Scritto da":"Gabriella Capraro","Tempo di lettura stimato":"18 minuti"},"schema":{"@context":"https:\/\/schema.org","@graph":[{"@type":"Article","@id":"https:\/\/www.docenti.it\/blog\/perche-non-ho-avuto-la-conferma-sul-sostegno\/#article","isPartOf":{"@id":"https:\/\/www.docenti.it\/blog\/perche-non-ho-avuto-la-conferma-sul-sostegno\/"},"author":{"name":"Gabriella Capraro","@id":"https:\/\/www.docenti.it\/blog\/#\/schema\/person\/773963d3c0645bd34c150c41a13e5754"},"headline":"Perch\u00e9 non ho avuto la conferma sul sostegno: le cinque condizioni necessarie","datePublished":"2026-08-31T16:06:48+00:00","dateModified":"2026-08-31T16:06:49+00:00","mainEntityOfPage":{"@id":"https:\/\/www.docenti.it\/blog\/perche-non-ho-avuto-la-conferma-sul-sostegno\/"},"wordCount":3659,"commentCount":0,"publisher":{"@id":"https:\/\/www.docenti.it\/blog\/#organization"},"image":{"@id":"https:\/\/www.docenti.it\/blog\/perche-non-ho-avuto-la-conferma-sul-sostegno\/#primaryimage"},"thumbnailUrl":"https:\/\/www.docenti.it\/blog\/wp-content\/uploads\/2019\/10\/messa-a-disposizione-mancano-supplenti-scaled.jpg","keywords":["conferma sostegno","continuit\u00e0 sostegno 2026\/27"],"articleSection":["News"],"inLanguage":"it-IT","potentialAction":[{"@type":"CommentAction","name":"Comment","target":["https:\/\/www.docenti.it\/blog\/perche-non-ho-avuto-la-conferma-sul-sostegno\/#respond"]}]},{"@type":"WebPage","@id":"https:\/\/www.docenti.it\/blog\/perche-non-ho-avuto-la-conferma-sul-sostegno\/","url":"https:\/\/www.docenti.it\/blog\/perche-non-ho-avuto-la-conferma-sul-sostegno\/","name":"Perch\u00e9 non ho avuto la conferma sul sostegno: le cinque condizioni essenziali","isPartOf":{"@id":"https:\/\/www.docenti.it\/blog\/#website"},"primaryImageOfPage":{"@id":"https:\/\/www.docenti.it\/blog\/perche-non-ho-avuto-la-conferma-sul-sostegno\/#primaryimage"},"image":{"@id":"https:\/\/www.docenti.it\/blog\/perche-non-ho-avuto-la-conferma-sul-sostegno\/#primaryimage"},"thumbnailUrl":"https:\/\/www.docenti.it\/blog\/wp-content\/uploads\/2019\/10\/messa-a-disposizione-mancano-supplenti-scaled.jpg","datePublished":"2026-08-31T16:06:48+00:00","dateModified":"2026-08-31T16:06:49+00:00","description":"Perch\u00e9 non ho avuto la conferma sul sostegno? Le cause reali del mancato esito entro il 31 agosto 2026 e cosa succede ora.","breadcrumb":{"@id":"https:\/\/www.docenti.it\/blog\/perche-non-ho-avuto-la-conferma-sul-sostegno\/#breadcrumb"},"inLanguage":"it-IT","potentialAction":[{"@type":"ReadAction","target":["https:\/\/www.docenti.it\/blog\/perche-non-ho-avuto-la-conferma-sul-sostegno\/"]}]},{"@type":"ImageObject","inLanguage":"it-IT","@id":"https:\/\/www.docenti.it\/blog\/perche-non-ho-avuto-la-conferma-sul-sostegno\/#primaryimage","url":"https:\/\/www.docenti.it\/blog\/wp-content\/uploads\/2019\/10\/messa-a-disposizione-mancano-supplenti-scaled.jpg","contentUrl":"https:\/\/www.docenti.it\/blog\/wp-content\/uploads\/2019\/10\/messa-a-disposizione-mancano-supplenti-scaled.jpg","width":1707,"height":2560,"caption":"Sostegno 2026\/27"},{"@type":"BreadcrumbList","@id":"https:\/\/www.docenti.it\/blog\/perche-non-ho-avuto-la-conferma-sul-sostegno\/#breadcrumb","itemListElement":[{"@type":"ListItem","position":1,"name":"Home","item":"https:\/\/www.docenti.it\/blog\/"},{"@type":"ListItem","position":2,"name":"Perch\u00e9 non ho avuto la conferma sul sostegno: le cinque condizioni necessarie"}]},{"@type":"WebSite","@id":"https:\/\/www.docenti.it\/blog\/#website","url":"https:\/\/www.docenti.it\/blog\/","name":"Blog | Docenti.it","description":"Tutte le notizie e gli aggiornamenti dal mondo della scuola","publisher":{"@id":"https:\/\/www.docenti.it\/blog\/#organization"},"potentialAction":[{"@type":"SearchAction","target":{"@type":"EntryPoint","urlTemplate":"https:\/\/www.docenti.it\/blog\/?s={search_term_string}"},"query-input":{"@type":"PropertyValueSpecification","valueRequired":true,"valueName":"search_term_string"}}],"inLanguage":"it-IT"},{"@type":"Organization","@id":"https:\/\/www.docenti.it\/blog\/#organization","name":"Blog | Docenti.it","url":"https:\/\/www.docenti.it\/blog\/","logo":{"@type":"ImageObject","inLanguage":"it-IT","@id":"https:\/\/www.docenti.it\/blog\/#\/schema\/logo\/image\/","url":"https:\/\/www.docenti.it\/blog\/wp-content\/uploads\/2025\/06\/fb_mad_img.png","contentUrl":"https:\/\/www.docenti.it\/blog\/wp-content\/uploads\/2025\/06\/fb_mad_img.png","width":1140,"height":620,"caption":"Blog | Docenti.it"},"image":{"@id":"https:\/\/www.docenti.it\/blog\/#\/schema\/logo\/image\/"},"sameAs":["https:\/\/www.facebook.com\/docenti.it"]},{"@type":"Person","@id":"https:\/\/www.docenti.it\/blog\/#\/schema\/person\/773963d3c0645bd34c150c41a13e5754","name":"Gabriella Capraro","image":{"@type":"ImageObject","inLanguage":"it-IT","@id":"https:\/\/secure.gravatar.com\/avatar\/761075ddede7748b5d672d655cf8f326b9e5974df7bb15c5f378e7b84ddae927?s=96&d=mm&r=g","url":"https:\/\/secure.gravatar.com\/avatar\/761075ddede7748b5d672d655cf8f326b9e5974df7bb15c5f378e7b84ddae927?s=96&d=mm&r=g","contentUrl":"https:\/\/secure.gravatar.com\/avatar\/761075ddede7748b5d672d655cf8f326b9e5974df7bb15c5f378e7b84ddae927?s=96&d=mm&r=g","caption":"Gabriella Capraro"},"description":"Copywriter e digital strategist, collabora come articolista e autrice per diverse piattaforme online, spaziando da tematiche scolastiche\/istituzionali a letterarie e musicali.","url":"https:\/\/www.docenti.it\/blog\/author\/gcapraro\/"}]}},"_links":{"self":[{"href":"https:\/\/www.docenti.it\/blog\/wp-json\/wp\/v2\/posts\/48832","targetHints":{"allow":["GET"]}}],"collection":[{"href":"https:\/\/www.docenti.it\/blog\/wp-json\/wp\/v2\/posts"}],"about":[{"href":"https:\/\/www.docenti.it\/blog\/wp-json\/wp\/v2\/types\/post"}],"author":[{"embeddable":true,"href":"https:\/\/www.docenti.it\/blog\/wp-json\/wp\/v2\/users\/25"}],"replies":[{"embeddable":true,"href":"https:\/\/www.docenti.it\/blog\/wp-json\/wp\/v2\/comments?post=48832"}],"version-history":[{"count":1,"href":"https:\/\/www.docenti.it\/blog\/wp-json\/wp\/v2\/posts\/48832\/revisions"}],"predecessor-version":[{"id":48833,"href":"https:\/\/www.docenti.it\/blog\/wp-json\/wp\/v2\/posts\/48832\/revisions\/48833"}],"wp:featuredmedia":[{"embeddable":true,"href":"https:\/\/www.docenti.it\/blog\/wp-json\/wp\/v2\/media\/1172"}],"wp:attachment":[{"href":"https:\/\/www.docenti.it\/blog\/wp-json\/wp\/v2\/media?parent=48832"}],"wp:term":[{"taxonomy":"category","embeddable":true,"href":"https:\/\/www.docenti.it\/blog\/wp-json\/wp\/v2\/categories?post=48832"},{"taxonomy":"post_tag","embeddable":true,"href":"https:\/\/www.docenti.it\/blog\/wp-json\/wp\/v2\/tags?post=48832"}],"curies":[{"name":"wp","href":"https:\/\/api.w.org\/{rel}","templated":true}]}}