{"id":48841,"date":"2026-09-02T19:40:48","date_gmt":"2026-09-02T17:40:48","guid":{"rendered":"https:\/\/www.docenti.it\/blog\/?p=48841"},"modified":"2026-09-02T19:40:49","modified_gmt":"2026-09-02T17:40:49","slug":"graduatorie-ata-24-mesi-2026-27-definitive","status":"publish","type":"post","link":"https:\/\/www.docenti.it\/blog\/graduatorie-ata-24-mesi-2026-27-definitive\/","title":{"rendered":"Graduatorie ATA 24 mesi definitive 2026\/27: dove trovarle e come contestare il punteggio"},"content":{"rendered":"\n<p class=\"wp-block-paragraph\">Le <strong>graduatorie ATA 24 mesi definitive per l\u2019anno scolastico 2026\/2027<\/strong> vengono pubblicate separatamente dagli Uffici scolastici provinciali. Non esiste, quindi, una data nazionale valida per tutte le province n\u00e9 un unico elenco consultabile sul portale ministeriale.<\/p>\n\n\n\n<p class=\"wp-block-paragraph\">Numerosi uffici hanno pubblicato le graduatorie definitive tra luglio e agosto 2026. Altri possono aver concluso la procedura in date differenti, dopo l\u2019esame dei reclami presentati contro gli elenchi provvisori. Per sapere se la graduatoria della propria provincia \u00e8 definitiva bisogna controllare il relativo decreto di pubblicazione.<\/p>\n\n\n\n<p class=\"wp-block-paragraph\">La procedura \u00e8 stata avviata con la <a href=\"https:\/\/www.mim.gov.it\/-\/circolare-n-10009-del-15-aprile-2026\">Circolare ministeriale n. 10009 del 15 aprile 2026<\/a>, relativa ai concorsi per soli titoli per l\u2019accesso ai ruoli provinciali del personale ATA. Le domande sono state presentate tramite Istanze Online dal <strong>28 aprile al 19 maggio 2026<\/strong>.<\/p>\n\n\n\n<p class=\"wp-block-paragraph\">I riferimenti normativi principali restano:<\/p>\n\n\n\n<ul class=\"wp-block-list\">\n<li>L\u2019articolo 554 del decreto legislativo n. 297\/1994.<\/li>\n\n\n\n<li>L\u2019Ordinanza ministeriale n. 21 del 23 febbraio 2009.<\/li>\n\n\n\n<li>I bandi pubblicati dai singoli Uffici scolastici regionali.<\/li>\n\n\n\n<li>Le disposizioni del CCNL Istruzione e ricerca 2019\/2021 sui requisiti di accesso ai profili ATA.<\/li>\n<\/ul>\n\n\n\n<p class=\"wp-block-paragraph\">Le graduatorie permanenti vengono utilizzate per le <strong>immissioni in ruolo<\/strong> e per l\u2019attribuzione delle <strong>supplenze annuali o fino al termine delle attivit\u00e0 didattiche<\/strong>.<\/p>\n\n\n\n<p class=\"wp-block-paragraph\"><\/p>\n\n\n\n<h2 class=\"wp-block-heading\">Che cosa sono le graduatorie ATA 24 mesi?<\/h2>\n\n\n\n<p class=\"wp-block-paragraph\">Le graduatorie comunemente chiamate \u201cATA 24 mesi\u201d sono le <strong>graduatorie provinciali permanenti<\/strong> previste dall\u2019articolo 554 del Testo unico della scuola.<\/p>\n\n\n\n<p class=\"wp-block-paragraph\">Sono graduatorie per soli titoli: non prevedono prove scritte o orali. Il candidato viene collocato in base al punteggio riconosciuto per:<\/p>\n\n\n\n<ul class=\"wp-block-list\">\n<li>Servizi prestati.<\/li>\n\n\n\n<li>Titoli di studio.<\/li>\n\n\n\n<li>Ulteriori titoli culturali o professionali.<\/li>\n\n\n\n<li>Preferenze e riserve previste dalla normativa.<\/li>\n<\/ul>\n\n\n\n<p class=\"wp-block-paragraph\">A differenza della terza fascia ATA, per accedere alle graduatorie permanenti \u00e8 necessario aver maturato una determinata anzianit\u00e0 di servizio.<\/p>\n\n\n\n<p class=\"wp-block-paragraph\">Le graduatorie hanno carattere provinciale. Il candidato pu\u00f2 risultare inserito in <strong>una sola provincia<\/strong>, anche se presenta domanda per pi\u00f9 profili professionali.<\/p>\n\n\n\n<p class=\"wp-block-paragraph\"><\/p>\n\n\n\n<h2 class=\"wp-block-heading\">Quanti mesi di servizio servono?<\/h2>\n\n\n\n<p class=\"wp-block-paragraph\">Per il primo inserimento occorre aver maturato almeno <strong>24 mesi di servizio<\/strong>, anche non continuativi.<\/p>\n\n\n\n<p class=\"wp-block-paragraph\">In base ai criteri applicati dalla procedura, il requisito corrisponde ad almeno <strong>23 mesi e 16 giorni<\/strong>. Le frazioni di mese vengono sommate e calcolate considerando un mese ogni 30 giorni; l\u2019eventuale frazione residua superiore a 15 giorni viene computata come mese intero.<\/p>\n\n\n\n<p class=\"wp-block-paragraph\">Il servizio deve essere stato prestato:<\/p>\n\n\n\n<ul class=\"wp-block-list\">\n<li>Nelle istituzioni scolastiche statali.<\/li>\n\n\n\n<li>In posti corrispondenti al profilo per il quale si concorre.<\/li>\n\n\n\n<li>Nei profili dell\u2019area immediatamente superiore, quando ammesso dal relativo bando.<\/li>\n\n\n\n<li>Con un rapporto di lavoro riconoscibile secondo le disposizioni della procedura.<\/li>\n<\/ul>\n\n\n\n<p class=\"wp-block-paragraph\">Non basta quindi possedere il titolo di studio richiesto. Il titolo costituisce un requisito di accesso al profilo, ma l\u2019ingresso nelle graduatorie permanenti dipende soprattutto dal servizio maturato.<\/p>\n\n\n\n<p class=\"wp-block-paragraph\">Prima di presentare domanda \u00e8 sempre necessario leggere il <strong>bando della propria regione<\/strong>, perch\u00e9 contiene le condizioni applicabili al singolo profilo e le modalit\u00e0 di calcolo del servizio.<\/p>\n\n\n\n<p class=\"wp-block-paragraph\"><\/p>\n\n\n\n<h2 class=\"wp-block-heading\">Quali profili ATA partecipano alla procedura?<\/h2>\n\n\n\n<p class=\"wp-block-paragraph\">Le graduatorie permanenti riguardano tradizionalmente i seguenti profili:<\/p>\n\n\n\n<ul class=\"wp-block-list\">\n<li>Assistente amministrativo.<\/li>\n\n\n\n<li>Assistente tecnico.<\/li>\n\n\n\n<li>Collaboratore scolastico.<\/li>\n\n\n\n<li>Cuoco.<\/li>\n\n\n\n<li>Guardarobiere.<\/li>\n\n\n\n<li>Infermiere.<\/li>\n\n\n\n<li>Operatore dei servizi agrari, gi\u00e0 addetto alle aziende agrarie.<\/li>\n<\/ul>\n\n\n\n<p class=\"wp-block-paragraph\">Il profilo di direttore dei servizi generali e amministrativi, cio\u00e8 il <strong>DSGA<\/strong>, segue una procedura di reclutamento differente e non rientra nelle graduatorie ATA 24 mesi.<\/p>\n\n\n\n<p class=\"wp-block-paragraph\">Occorre prestare attenzione alle denominazioni aggiornate dei profili, perch\u00e9 il nuovo ordinamento professionale introdotto dal CCNL 2019\/2021 ha modificato la classificazione del personale ATA. Fa comunque fede il bando regionale relativo al 2026\/2027.<\/p>\n\n\n\n<p class=\"wp-block-paragraph\"><\/p>\n\n\n\n<h2 class=\"wp-block-heading\">Serve la certificazione internazionale di alfabetizzazione digitale?<\/h2>\n\n\n\n<p class=\"wp-block-paragraph\">La <strong>certificazione internazionale di alfabetizzazione digitale \u2013 CIAD<\/strong> \u00e8 un titolo di accesso previsto dal nuovo ordinamento professionale per i profili ATA diversi dal collaboratore scolastico, secondo le condizioni definite dal CCNL e dai bandi applicativi.<\/p>\n\n\n\n<p class=\"wp-block-paragraph\">Per le graduatorie ATA 24 mesi 2026\/2027, l\u2019obbligo riguarda in particolare i candidati che chiedono il <strong>primo inserimento<\/strong> nei profili per i quali la CIAD costituisce titolo di accesso.<\/p>\n\n\n\n<p class=\"wp-block-paragraph\">Non \u00e8 corretto, per\u00f2, applicare una regola generica a tutte le situazioni. La posizione pu\u00f2 cambiare in base:<\/p>\n\n\n\n<ul class=\"wp-block-list\">\n<li>Al profilo richiesto.<\/li>\n\n\n\n<li>Alla precedente inclusione nelle graduatorie.<\/li>\n\n\n\n<li>Al titolo di accesso utilizzato.<\/li>\n\n\n\n<li>Alle disposizioni transitorie applicabili.<\/li>\n\n\n\n<li>A eventuali riconoscimenti gi\u00e0 effettuati dall\u2019amministrazione.<\/li>\n<\/ul>\n\n\n\n<p class=\"wp-block-paragraph\">Chi era gi\u00e0 inserito nelle graduatorie permanenti non deve presumere n\u00e9 di essere automaticamente esonerato n\u00e9 di dover conseguire una nuova certificazione. Deve controllare il bando regionale e l\u2019eventuale provvedimento con cui l\u2019Ufficio ha valutato la domanda.<\/p>\n\n\n\n<p class=\"wp-block-paragraph\">La CIAD, inoltre, deve rispettare i requisiti richiesti dalla normativa. Non tutte le comuni certificazioni informatiche equivalgono automaticamente alla certificazione internazionale di alfabetizzazione digitale.<\/p>\n\n\n\n<p class=\"wp-block-paragraph\"><\/p>\n\n\n\n<h2 class=\"wp-block-heading\">Che cosa succede se non \u00e8 stata presentata la domanda nel 2026?<\/h2>\n\n\n\n<p class=\"wp-block-paragraph\">Chi era gi\u00e0 inserito nelle graduatorie permanenti e non ha presentato la domanda di aggiornamento <strong>non viene automaticamente cancellato<\/strong>.<\/p>\n\n\n\n<p class=\"wp-block-paragraph\">In linea generale, conserva la posizione con il punteggio precedentemente riconosciuto. Non pu\u00f2 per\u00f2 ottenere la valutazione dei nuovi servizi o dei titoli maturati dopo l\u2019ultimo aggiornamento.<\/p>\n\n\n\n<p class=\"wp-block-paragraph\">La domanda presentata entro il 19 maggio 2026 poteva servire per:<\/p>\n\n\n\n<ul class=\"wp-block-list\">\n<li>Chiedere il primo inserimento.<\/li>\n\n\n\n<li>Aggiornare servizi e titoli.<\/li>\n\n\n\n<li>Dichiarare nuovi titoli di preferenza o riserva.<\/li>\n\n\n\n<li>Chiedere il trasferimento in un\u2019altra provincia.<\/li>\n\n\n\n<li>Presentare le dichiarazioni richieste dal bando annuale.<\/li>\n<\/ul>\n\n\n\n<p class=\"wp-block-paragraph\">I servizi o i titoli non dichiarati entro la scadenza non possono normalmente essere aggiunti attraverso un reclamo successivo. Il reclamo serve a correggere la valutazione di quanto dichiarato, non a integrare tardivamente la domanda.<\/p>\n\n\n\n<p class=\"wp-block-paragraph\"><\/p>\n\n\n\n<h2 class=\"wp-block-heading\">Qual \u00e8 la differenza tra graduatoria provvisoria e definitiva?<\/h2>\n\n\n\n<p class=\"wp-block-paragraph\">La graduatoria <strong>provvisoria<\/strong> permette ai candidati di controllare la valutazione effettuata dall\u2019Ufficio e di segnalare eventuali errori.<\/p>\n\n\n\n<p class=\"wp-block-paragraph\">L\u2019articolo 12 dell\u2019Ordinanza ministeriale n. 21\/2009 prevede la possibilit\u00e0 di presentare reclamo entro <strong>10 giorni dalla pubblicazione della graduatoria provvisoria<\/strong>.<\/p>\n\n\n\n<p class=\"wp-block-paragraph\">Il reclamo deve essere inviato all\u2019Ufficio scolastico provinciale che ha pubblicato l\u2019elenco. Il decreto indica generalmente:<\/p>\n\n\n\n<ul class=\"wp-block-list\">\n<li>Il termine preciso.<\/li>\n\n\n\n<li>L\u2019indirizzo email o PEC.<\/li>\n\n\n\n<li>Le modalit\u00e0 di presentazione.<\/li>\n\n\n\n<li>L\u2019eventuale modello da utilizzare.<\/li>\n\n\n\n<li>I documenti da allegare.<\/li>\n<\/ul>\n\n\n\n<p class=\"wp-block-paragraph\">La graduatoria <strong>definitiva<\/strong> viene pubblicata dopo l\u2019esame dei reclami. Da quel momento costituisce l\u2019elenco utilizzato per le assunzioni e per le supplenze.<\/p>\n\n\n\n<p class=\"wp-block-paragraph\">La differenza \u00e8 quindi decisiva:<\/p>\n\n\n\n<ul class=\"wp-block-list\">\n<li>Contro la graduatoria provvisoria si presenta il reclamo amministrativo entro 10 giorni.<\/li>\n\n\n\n<li>Dopo la pubblicazione della definitiva, il reclamo ordinario non \u00e8 pi\u00f9 disponibile.<\/li>\n\n\n\n<li>Un errore materiale pu\u00f2 essere segnalato chiedendo all\u2019amministrazione di intervenire in autotutela.<\/li>\n\n\n\n<li>Contro la graduatoria definitiva \u00e8 possibile rivolgersi al giudice ordinario in funzione di giudice del lavoro, nei termini applicabili al caso concreto.<\/li>\n<\/ul>\n\n\n\n<p class=\"wp-block-paragraph\">I decreti provinciali di pubblicazione richiamano espressamente la possibilit\u00e0 di ricorrere al <strong>giudice del lavoro<\/strong>, come previsto dall\u2019articolo 12 dell\u2019OM 21\/2009. Prima di iniziare un contenzioso \u00e8 opportuno chiedere assistenza a un sindacato o a un professionista.<\/p>\n\n\n\n<p class=\"wp-block-paragraph\"><\/p>\n\n\n\n<h2 class=\"wp-block-heading\">Come trovare la graduatoria definitiva della propria provincia<\/h2>\n\n\n\n<p class=\"wp-block-paragraph\">La fonte ufficiale \u00e8 il sito dell\u2019<strong>Ufficio scolastico provinciale<\/strong>, chiamato anche Ufficio di ambito territoriale.<\/p>\n\n\n\n<p class=\"wp-block-paragraph\">Per trovare il documento bisogna:<\/p>\n\n\n\n<ol class=\"wp-block-list\">\n<li>Entrare nel sito ufficiale del Ministero, dell\u2019Ufficio scolastico regionale o dell\u2019Ufficio territoriale.<\/li>\n\n\n\n<li>Cercare la sezione dedicata al personale ATA.<\/li>\n\n\n\n<li>Aprire l\u2019area \u201cGraduatorie permanenti\u201d, \u201cATA 24 mesi\u201d o \u201cConcorsi per soli titoli\u201d.<\/li>\n\n\n\n<li>Individuare il decreto relativo alle graduatorie definitive 2026\/2027.<\/li>\n\n\n\n<li>Scaricare l\u2019allegato relativo al proprio profilo.<\/li>\n\n\n\n<li>Cercare il proprio nominativo nel PDF.<\/li>\n<\/ol>\n\n\n\n<p class=\"wp-block-paragraph\">\u00c8 importante verificare che nel titolo del decreto compaiano le parole <strong>\u201cgraduatorie definitive\u201d<\/strong>. Un elenco provvisorio, anche se ancora disponibile sul sito, non rappresenta la situazione aggiornata.<\/p>\n\n\n\n<p class=\"wp-block-paragraph\">Non bisogna limitarsi a controllare screenshot o file condivisi nei gruppi social. Possono riferirsi:<\/p>\n\n\n\n<ul class=\"wp-block-list\">\n<li>Alla graduatoria provvisoria.<\/li>\n\n\n\n<li>A un anno scolastico precedente.<\/li>\n\n\n\n<li>A un profilo diverso.<\/li>\n\n\n\n<li>A un elenco rettificato successivamente.<\/li>\n\n\n\n<li>A una versione incompleta o priva del decreto di pubblicazione.<\/li>\n<\/ul>\n\n\n\n<p class=\"wp-block-paragraph\">Alcuni Uffici pubblicano pi\u00f9 file: una versione completa per gli interessati e una versione predisposta nel rispetto della normativa sulla privacy. Possono inoltre seguire decreti di rettifica successivi.<\/p>\n\n\n\n<p class=\"wp-block-paragraph\"><\/p>\n\n\n\n<h2 class=\"wp-block-heading\">Che cosa bisogna controllare nella graduatoria?<\/h2>\n\n\n\n<p class=\"wp-block-paragraph\">Non basta verificare la posizione occupata. La posizione dipende anche dal punteggio degli altri candidati e pu\u00f2 cambiare senza che sia stato commesso un errore nella propria valutazione.<\/p>\n\n\n\n<p class=\"wp-block-paragraph\">Bisogna controllare almeno:<\/p>\n\n\n\n<ul class=\"wp-block-list\">\n<li>Il profilo professionale.<\/li>\n\n\n\n<li>Il punteggio complessivo.<\/li>\n\n\n\n<li>Il punteggio attribuito ai servizi.<\/li>\n\n\n\n<li>Il punteggio dei titoli culturali e professionali.<\/li>\n\n\n\n<li>I titoli di preferenza.<\/li>\n\n\n\n<li>Le eventuali riserve.<\/li>\n\n\n\n<li>I dati anagrafici.<\/li>\n\n\n\n<li>La corretta inclusione o esclusione dalla graduatoria.<\/li>\n<\/ul>\n\n\n\n<p class=\"wp-block-paragraph\">Il documento principale da utilizzare per il confronto \u00e8 la <strong>ricevuta della domanda inoltrata tramite Istanze Online<\/strong>.<\/p>\n\n\n\n<p class=\"wp-block-paragraph\">\u00c8 utile conservare anche:<\/p>\n\n\n\n<ul class=\"wp-block-list\">\n<li>I contratti di lavoro.<\/li>\n\n\n\n<li>I certificati di servizio.<\/li>\n\n\n\n<li>I titoli di studio.<\/li>\n\n\n\n<li>Le certificazioni dichiarate.<\/li>\n\n\n\n<li>La documentazione relativa a preferenze e riserve.<\/li>\n\n\n\n<li>Il reclamo eventualmente presentato contro la graduatoria provvisoria.<\/li>\n\n\n\n<li>La ricevuta di invio del reclamo.<\/li>\n<\/ul>\n\n\n\n<p class=\"wp-block-paragraph\"><\/p>\n\n\n\n<h2 class=\"wp-block-heading\">Che cosa fare se il punteggio provvisorio \u00e8 sbagliato?<\/h2>\n\n\n\n<p class=\"wp-block-paragraph\">Se l\u2019Ufficio non ha ancora pubblicato la graduatoria definitiva, il candidato pu\u00f2 presentare reclamo entro 10 giorni dalla pubblicazione della provvisoria.<\/p>\n\n\n\n<p class=\"wp-block-paragraph\">Il reclamo dovrebbe indicare in modo preciso:<\/p>\n\n\n\n<ul class=\"wp-block-list\">\n<li>Nome, cognome e codice fiscale.<\/li>\n\n\n\n<li>Profilo professionale interessato.<\/li>\n\n\n\n<li>Punteggio pubblicato.<\/li>\n\n\n\n<li>Punteggio ritenuto corretto.<\/li>\n\n\n\n<li>Voce contestata.<\/li>\n\n\n\n<li>Servizio o titolo dichiarato nella domanda.<\/li>\n\n\n\n<li>Calcolo effettuato dal candidato.<\/li>\n\n\n\n<li>Documenti che dimostrano l\u2019errore.<\/li>\n<\/ul>\n\n\n\n<p class=\"wp-block-paragraph\">Non \u00e8 sufficiente scrivere che il punteggio \u201csembra basso\u201d. Bisogna spiegare quale servizio o titolo \u00e8 stato valutato erroneamente.<\/p>\n\n\n\n<p class=\"wp-block-paragraph\">Il reclamo non pu\u00f2 essere utilizzato per dichiarare un titolo o un servizio dimenticato nella domanda originaria. Pu\u00f2 invece chiedere la corretta valutazione di quanto regolarmente dichiarato entro la scadenza.<\/p>\n\n\n\n<p class=\"wp-block-paragraph\"><\/p>\n\n\n\n<h2 class=\"wp-block-heading\">Che cosa fare se la graduatoria definitiva contiene un errore?<\/h2>\n\n\n\n<p class=\"wp-block-paragraph\">Dopo la pubblicazione della definitiva non \u00e8 pi\u00f9 possibile presentare il reclamo previsto per la fase provvisoria.<\/p>\n\n\n\n<p class=\"wp-block-paragraph\">Se si tratta di un <strong>errore materiale evidente<\/strong>, il candidato pu\u00f2 inviare una richiesta scritta di rettifica in autotutela all\u2019Ufficio scolastico provinciale.<\/p>\n\n\n\n<p class=\"wp-block-paragraph\">Pu\u00f2 trattarsi, per esempio, di:<\/p>\n\n\n\n<ul class=\"wp-block-list\">\n<li>Un errore nella somma dei punteggi.<\/li>\n\n\n\n<li>Un servizio conteggiato due volte.<\/li>\n\n\n\n<li>Un dato anagrafico errato.<\/li>\n\n\n\n<li>L\u2019omessa registrazione di un reclamo accolto.<\/li>\n\n\n\n<li>Una discordanza evidente tra decreto e allegato.<\/li>\n\n\n\n<li>L\u2019attribuzione del punteggio a un profilo diverso.<\/li>\n<\/ul>\n\n\n\n<p class=\"wp-block-paragraph\">L\u2019autotutela non costituisce per\u00f2 un nuovo grado di reclamo e non obbliga automaticamente l\u2019amministrazione a modificare la graduatoria. L\u2019Ufficio deve valutare la segnalazione e decidere se intervenire.<\/p>\n\n\n\n<p class=\"wp-block-paragraph\">Quando la contestazione riguarda una valutazione di merito \u2014 per esempio il mancato riconoscimento di un determinato servizio o titolo \u2014 pu\u00f2 essere necessario rivolgersi al <strong>giudice ordinario in funzione di giudice del lavoro<\/strong>.<\/p>\n\n\n\n<p class=\"wp-block-paragraph\">\u00c8 opportuno agire tempestivamente. L\u2019avvio delle nomine pu\u00f2 rendere pi\u00f9 complessa la gestione delle conseguenze derivanti da un\u2019eventuale rettifica.<\/p>\n\n\n\n<p class=\"wp-block-paragraph\"><\/p>\n\n\n\n<h2 class=\"wp-block-heading\">Perch\u00e9 la posizione pu\u00f2 cambiare anche se il punteggio \u00e8 corretto?<\/h2>\n\n\n\n<p class=\"wp-block-paragraph\">La posizione non dipende soltanto dal punteggio personale. Tra la graduatoria provvisoria e quella definitiva possono intervenire:<\/p>\n\n\n\n<ul class=\"wp-block-list\">\n<li>Reclami accolti a favore di altri candidati.<\/li>\n\n\n\n<li>Rettifiche dei punteggi.<\/li>\n\n\n\n<li>Esclusioni.<\/li>\n\n\n\n<li>Inserimenti con riserva.<\/li>\n\n\n\n<li>Scioglimenti di riserve.<\/li>\n\n\n\n<li>Correzioni di preferenze o precedenze.<\/li>\n\n\n\n<li>Provvedimenti giudiziari.<\/li>\n<\/ul>\n\n\n\n<p class=\"wp-block-paragraph\">\u00c8 quindi possibile mantenere lo stesso punteggio e perdere o guadagnare posizioni.<\/p>\n\n\n\n<p class=\"wp-block-paragraph\">Per capire se esiste un errore bisogna confrontare la propria valutazione, non soltanto il numero della posizione occupata.<\/p>\n\n\n\n<p class=\"wp-block-paragraph\"><\/p>\n\n\n\n<h2 class=\"wp-block-heading\">Quali incarichi vengono assegnati dalle graduatorie ATA 24 mesi?<\/h2>\n\n\n\n<p class=\"wp-block-paragraph\">Le graduatorie provinciali permanenti vengono utilizzate per:<\/p>\n\n\n\n<ul class=\"wp-block-list\">\n<li>Le immissioni in ruolo sui posti autorizzati.<\/li>\n\n\n\n<li>Le supplenze annuali fino al 31 agosto.<\/li>\n\n\n\n<li>Le supplenze fino al termine delle attivit\u00e0 didattiche, normalmente al 30 giugno.<\/li>\n<\/ul>\n\n\n\n<p class=\"wp-block-paragraph\">L\u2019inserimento non garantisce automaticamente un\u2019assunzione. Le nomine dipendono:<\/p>\n\n\n\n<ul class=\"wp-block-list\">\n<li>Dai posti disponibili nella provincia.<\/li>\n\n\n\n<li>Dal profilo professionale.<\/li>\n\n\n\n<li>Dalla posizione occupata.<\/li>\n\n\n\n<li>Dalle preferenze espresse.<\/li>\n\n\n\n<li>Dalle rinunce dei candidati che precedono.<\/li>\n\n\n\n<li>Dalle autorizzazioni alle assunzioni.<\/li>\n<\/ul>\n\n\n\n<p class=\"wp-block-paragraph\">Anche la durata effettiva del contratto e del servizio deve essere considerata con precisione. Non basta la dicitura \u201c31 agosto\u201d o \u201c30 giugno\u201d per ricavare automaticamente ogni conseguenza sul punteggio: conta il servizio concretamente prestato e la disciplina della graduatoria nella quale sar\u00e0 valutato.<\/p>\n\n\n\n<p class=\"wp-block-paragraph\"><\/p>\n\n\n\n<h2 class=\"wp-block-heading\">Differenza tra graduatorie ATA 24 mesi e terza fascia<\/h2>\n\n\n\n<p class=\"wp-block-paragraph\">Le due graduatorie non devono essere confuse.<\/p>\n\n\n\n<p class=\"wp-block-paragraph\">Le <strong>graduatorie ATA 24 mesi<\/strong>:<\/p>\n\n\n\n<ul class=\"wp-block-list\">\n<li>Sono provinciali.<\/li>\n\n\n\n<li>Si aggiornano ogni anno.<\/li>\n\n\n\n<li>Richiedono almeno 24 mesi di servizio utile.<\/li>\n\n\n\n<li>Vengono utilizzate per ruoli e supplenze annuali.<\/li>\n\n\n\n<li>Determinano l\u2019inclusione nella prima fascia delle graduatorie di istituto.<\/li>\n<\/ul>\n\n\n\n<p class=\"wp-block-paragraph\">Le <strong>graduatorie ATA di terza fascia<\/strong>:<\/p>\n\n\n\n<ul class=\"wp-block-list\">\n<li>Sono graduatorie di circolo e di istituto.<\/li>\n\n\n\n<li>Hanno validit\u00e0 triennale.<\/li>\n\n\n\n<li>Non richiedono un servizio precedente per il primo inserimento.<\/li>\n\n\n\n<li>Valutano sia i titoli sia i servizi dichiarati.<\/li>\n\n\n\n<li>Vengono utilizzate dopo l\u2019esaurimento delle fasce precedenti.<\/li>\n<\/ul>\n\n\n\n<p class=\"wp-block-paragraph\">Non \u00e8 quindi corretto affermare che la terza fascia si basi esclusivamente sui titoli. Anche i servizi prestati attribuiscono punteggio.<\/p>\n\n\n\n<p class=\"wp-block-paragraph\">La terza fascia viene utilizzata soprattutto per le supplenze brevi, ma pu\u00f2 essere impiegata anche per disponibilit\u00e0 pi\u00f9 lunghe quando le graduatorie provinciali e le fasce precedenti risultano esaurite.<\/p>\n\n\n\n<p class=\"wp-block-paragraph\"><\/p>\n\n\n\n<h2 class=\"wp-block-heading\">Perch\u00e9 le graduatorie permanenti vengono chiamate \u201cprima fascia\u201d?<\/h2>\n\n\n\n<p class=\"wp-block-paragraph\">Il nome tecnico \u00e8 <strong>graduatorie provinciali permanenti ATA<\/strong>. L\u2019espressione \u201cprima fascia\u201d deriva dal collegamento con le graduatorie di circolo e di istituto.<\/p>\n\n\n\n<p class=\"wp-block-paragraph\">Chi \u00e8 inserito nelle graduatorie permanenti pu\u00f2 presentare il modello previsto annualmente per scegliere le istituzioni scolastiche e risultare incluso nella <strong>prima fascia delle graduatorie di istituto<\/strong>.<\/p>\n\n\n\n<p class=\"wp-block-paragraph\">I due strumenti hanno funzioni differenti:<\/p>\n\n\n\n<ul class=\"wp-block-list\">\n<li>La graduatoria provinciale permanente viene utilizzata dall\u2019Ufficio scolastico per ruoli e incarichi annuali.<\/li>\n\n\n\n<li>La prima fascia d\u2019istituto permette alle scuole indicate dal candidato di attribuire le supplenze di propria competenza.<\/li>\n<\/ul>\n\n\n\n<p class=\"wp-block-paragraph\">La scelta delle scuole non coincide con la domanda di aggiornamento delle graduatorie permanenti e segue una specifica procedura ministeriale.<\/p>\n\n\n\n<p class=\"wp-block-paragraph\"><\/p>\n\n\n\n<h2 class=\"wp-block-heading\">Come funzionano le convocazioni a settembre?<\/h2>\n\n\n\n<p class=\"wp-block-paragraph\">Dopo la pubblicazione delle graduatorie definitive, gli Uffici scolastici avviano le operazioni per le immissioni in ruolo e per le supplenze.<\/p>\n\n\n\n<p class=\"wp-block-paragraph\">Le modalit\u00e0 possono variare:<\/p>\n\n\n\n<ul class=\"wp-block-list\">\n<li>Convocazione in presenza.<\/li>\n\n\n\n<li>Scelta telematica delle sedi.<\/li>\n\n\n\n<li>Presentazione di una delega.<\/li>\n\n\n\n<li>Invio delle preferenze tramite un modulo predisposto dall\u2019Ufficio.<\/li>\n\n\n\n<li>Comunicazione attraverso email o PEC.<\/li>\n\n\n\n<li>Pubblicazione di un calendario sul sito istituzionale.<\/li>\n<\/ul>\n\n\n\n<p class=\"wp-block-paragraph\">Il decreto o l\u2019avviso di convocazione stabilisce:<\/p>\n\n\n\n<ul class=\"wp-block-list\">\n<li>Candidati convocati.<\/li>\n\n\n\n<li>Posti disponibili.<\/li>\n\n\n\n<li>Data e orario.<\/li>\n\n\n\n<li>Modalit\u00e0 di scelta.<\/li>\n\n\n\n<li>Possibilit\u00e0 di delega.<\/li>\n\n\n\n<li>Effetti della rinuncia.<\/li>\n\n\n\n<li>Conseguenze della mancata partecipazione.<\/li>\n<\/ul>\n\n\n\n<p class=\"wp-block-paragraph\">La pubblicazione sul sito istituzionale pu\u00f2 avere valore di notifica secondo quanto indicato nell\u2019avviso. Non bisogna quindi fare affidamento esclusivamente su una telefonata o su una comunicazione personale.<\/p>\n\n\n\n<p class=\"wp-block-paragraph\">Prima della convocazione conviene preparare:<\/p>\n\n\n\n<ul class=\"wp-block-list\">\n<li>Documento d\u2019identit\u00e0.<\/li>\n\n\n\n<li>Codice fiscale.<\/li>\n\n\n\n<li>Ricevuta della domanda.<\/li>\n\n\n\n<li>Copia della graduatoria.<\/li>\n\n\n\n<li>Eventuale modello di delega.<\/li>\n\n\n\n<li>Elenco delle sedi ordinate secondo le proprie preferenze.<\/li>\n\n\n\n<li>Documentazione relativa a precedenze o riserve.<\/li>\n<\/ul>\n\n\n\n<p class=\"wp-block-paragraph\"><\/p>\n\n\n\n<h2 class=\"wp-block-heading\">Domande frequenti<\/h2>\n\n\n\n<p class=\"wp-block-paragraph\"><strong>Le graduatorie ATA 24 mesi definitive 2026\/27 sono uscite in tutte le province?<\/strong><\/p>\n\n\n\n<p class=\"wp-block-paragraph\">Le pubblicazioni avvengono a livello provinciale e non nello stesso giorno. Numerosi Uffici hanno pubblicato le definitive tra luglio e agosto 2026, ma bisogna controllare il sito dell\u2019Ufficio competente e il relativo decreto. Un elenco nazionale non sostituisce la pubblicazione provinciale.<\/p>\n\n\n\n<p class=\"wp-block-paragraph\"><strong>Posso presentare reclamo contro la graduatoria definitiva?<\/strong><\/p>\n\n\n\n<p class=\"wp-block-paragraph\">Il reclamo amministrativo entro 10 giorni riguarda la graduatoria provvisoria. Dopo la pubblicazione della definitiva \u00e8 possibile segnalare un errore materiale e chiedere una rettifica in autotutela. Per contestazioni di merito pu\u00f2 essere necessario rivolgersi al giudice ordinario in funzione di giudice del lavoro.<\/p>\n\n\n\n<p class=\"wp-block-paragraph\"><strong>Come verifico se il punteggio \u00e8 corretto?<\/strong><\/p>\n\n\n\n<p class=\"wp-block-paragraph\">Bisogna confrontare la graduatoria con la ricevuta della domanda inoltrata tramite Istanze Online. Devono essere controllati separatamente servizi, titoli, preferenze, riserve e punteggio complessivo. La sola posizione occupata non permette di stabilire se esiste un errore.<\/p>\n\n\n\n<p class=\"wp-block-paragraph\"><strong>Se non ho presentato domanda entro il 19 maggio 2026 sono stato cancellato?<\/strong><\/p>\n\n\n\n<p class=\"wp-block-paragraph\">Chi era gi\u00e0 inserito non viene normalmente cancellato per il solo fatto di non aver aggiornato la domanda. Rimane per\u00f2 con il punteggio gi\u00e0 riconosciuto e non pu\u00f2 far valutare i nuovi titoli e servizi maturati.<\/p>\n\n\n\n<p class=\"wp-block-paragraph\"><strong>Servono esattamente due anni di servizio?<\/strong><\/p>\n\n\n\n<p class=\"wp-block-paragraph\">Il requisito viene calcolato come almeno 24 mesi, corrispondenti secondo i criteri della procedura a <strong>23 mesi e 16 giorni<\/strong>, anche non continuativi. Il servizio deve essere riconoscibile per il profilo richiesto secondo il bando regionale.<\/p>\n\n\n\n<p class=\"wp-block-paragraph\"><strong>La CIAD \u00e8 obbligatoria per tutti?<\/strong><\/p>\n\n\n\n<p class=\"wp-block-paragraph\">La certificazione internazionale di alfabetizzazione digitale costituisce titolo di accesso per i profili diversi dal collaboratore scolastico nei casi previsti dal nuovo ordinamento professionale. La sua applicazione dipende per\u00f2 dal profilo, dal tipo di domanda e dalle disposizioni transitorie. Per la posizione individuale fa fede il bando regionale.<\/p>\n\n\n\n<p class=\"wp-block-paragraph\"><strong>Le graduatorie di terza fascia valutano soltanto i titoli?<\/strong><\/p>\n\n\n\n<p class=\"wp-block-paragraph\">No. La terza fascia non richiede un servizio precedente per il primo inserimento, ma attribuisce punteggio sia ai titoli sia ai servizi dichiarati.<\/p>\n\n\n\n<p class=\"wp-block-paragraph\"><strong>Essere nelle graduatorie ATA 24 mesi garantisce una nomina?<\/strong><\/p>\n\n\n\n<p class=\"wp-block-paragraph\">No. La graduatoria stabilisce l\u2019ordine degli aspiranti, ma le nomine dipendono dai posti autorizzati e disponibili per ciascun profilo nella provincia.<\/p>\n\n\n\n<p class=\"wp-block-paragraph\"><em>Se hai trovato utile questo contenuto, prova a dare un&#8217;occhiata a questo: <\/em><\/p>\n\n\n<p><span style=\"color: #800000;\"><em><strong><a style=\"color: #800000;\" href=\"https:\/\/www.docenti.it\/blog\/istanze-online-quali-sono-gli-errori-sui-punteggi-ata-24-mesi\/\">Istanze Online: quali errori sui punteggi ATA 24 mesi?<\/a><\/strong><\/em><\/span><\/p>\n\n\n<p class=\"wp-block-paragraph\">Per ulteriori news e aggiornamenti sul mondo scuola, segui il\u00a0<strong><a href=\"https:\/\/www.docenti.it\/blog\/\" target=\"_blank\" rel=\"noreferrer noopener\">blog<\/a><\/strong>\u00a0di\u00a0<strong><a href=\"https:\/\/www.docenti.it\/\">Docenti.it<\/a><\/strong><\/p>\n","protected":false},"excerpt":{"rendered":"<p>Le graduatorie ATA 24 mesi definitive per l\u2019anno scolastico 2026\/2027 vengono pubblicate separatamente dagli [&hellip;]<\/p>\n","protected":false},"author":25,"featured_media":45326,"comment_status":"open","ping_status":"open","sticky":false,"template":"","format":"standard","meta":{"footnotes":""},"categories":[82],"tags":[764,763],"class_list":["post-48841","post","type-post","status-publish","format-standard","has-post-thumbnail","hentry","category-personale-ata","tag-ata-24-mesi","tag-graduatorie-ata-24-mesi"],"yoast_head":"<!-- This site is optimized with the Yoast SEO plugin v27.9 - https:\/\/yoast.com\/product\/yoast-seo-wordpress\/ -->\n<title>Graduatorie ATA 24 mesi definitive 2026\/27: cosa fare negli errori di punteggio<\/title>\n<meta name=\"description\" content=\"Graduatorie ATA 24 mesi definitive 2026\/27: come trovarle sul sito del tuo USP, differenza con le provvisorie, reclamo entro 10 giorni.\" \/>\n<meta name=\"robots\" content=\"index, follow, max-snippet:-1, max-image-preview:large, max-video-preview:-1\" \/>\n<link rel=\"canonical\" href=\"https:\/\/www.docenti.it\/blog\/graduatorie-ata-24-mesi-2026-27-definitive\/\" \/>\n<meta property=\"og:locale\" content=\"it_IT\" \/>\n<meta property=\"og:type\" content=\"article\" \/>\n<meta property=\"og:title\" content=\"Graduatorie ATA 24 mesi definitive 2026\/27: cosa fare negli errori di punteggio\" \/>\n<meta property=\"og:description\" content=\"Graduatorie ATA 24 mesi definitive 2026\/27: come trovarle sul sito del tuo USP, differenza con le provvisorie, reclamo entro 10 giorni.\" \/>\n<meta property=\"og:url\" content=\"https:\/\/www.docenti.it\/blog\/graduatorie-ata-24-mesi-2026-27-definitive\/\" \/>\n<meta property=\"og:site_name\" content=\"Blog | Docenti.it\" \/>\n<meta property=\"article:publisher\" content=\"https:\/\/www.facebook.com\/docenti.it\" \/>\n<meta property=\"article:published_time\" content=\"2026-09-02T17:40:48+00:00\" \/>\n<meta property=\"article:modified_time\" content=\"2026-09-02T17:40:49+00:00\" \/>\n<meta property=\"og:image\" content=\"https:\/\/www.docenti.it\/blog\/wp-content\/uploads\/2023\/07\/pexels-olia-danilevich-5088021-scaled.jpg\" \/>\n\t<meta property=\"og:image:width\" content=\"2560\" \/>\n\t<meta property=\"og:image:height\" content=\"1707\" \/>\n\t<meta property=\"og:image:type\" content=\"image\/jpeg\" \/>\n<meta name=\"author\" content=\"Gabriella Capraro\" \/>\n<meta name=\"twitter:card\" content=\"summary_large_image\" \/>\n<meta name=\"twitter:label1\" content=\"Scritto da\" \/>\n\t<meta name=\"twitter:data1\" content=\"Gabriella Capraro\" \/>\n\t<meta name=\"twitter:label2\" content=\"Tempo di lettura stimato\" \/>\n\t<meta name=\"twitter:data2\" content=\"13 minuti\" \/>\n<script type=\"application\/ld+json\" class=\"yoast-schema-graph\">{\"@context\":\"https:\\\/\\\/schema.org\",\"@graph\":[{\"@type\":\"Article\",\"@id\":\"https:\\\/\\\/www.docenti.it\\\/blog\\\/graduatorie-ata-24-mesi-2026-27-definitive\\\/#article\",\"isPartOf\":{\"@id\":\"https:\\\/\\\/www.docenti.it\\\/blog\\\/graduatorie-ata-24-mesi-2026-27-definitive\\\/\"},\"author\":{\"name\":\"Gabriella Capraro\",\"@id\":\"https:\\\/\\\/www.docenti.it\\\/blog\\\/#\\\/schema\\\/person\\\/773963d3c0645bd34c150c41a13e5754\"},\"headline\":\"Graduatorie ATA 24 mesi definitive 2026\\\/27: dove trovarle e come contestare il punteggio\",\"datePublished\":\"2026-09-02T17:40:48+00:00\",\"dateModified\":\"2026-09-02T17:40:49+00:00\",\"mainEntityOfPage\":{\"@id\":\"https:\\\/\\\/www.docenti.it\\\/blog\\\/graduatorie-ata-24-mesi-2026-27-definitive\\\/\"},\"wordCount\":2619,\"commentCount\":0,\"publisher\":{\"@id\":\"https:\\\/\\\/www.docenti.it\\\/blog\\\/#organization\"},\"image\":{\"@id\":\"https:\\\/\\\/www.docenti.it\\\/blog\\\/graduatorie-ata-24-mesi-2026-27-definitive\\\/#primaryimage\"},\"thumbnailUrl\":\"https:\\\/\\\/www.docenti.it\\\/blog\\\/wp-content\\\/uploads\\\/2023\\\/07\\\/pexels-olia-danilevich-5088021-scaled.jpg\",\"keywords\":[\"ATA 24 mesi\",\"graduatorie ATA 24 mesi\"],\"articleSection\":[\"Personale ATA\"],\"inLanguage\":\"it-IT\",\"potentialAction\":[{\"@type\":\"CommentAction\",\"name\":\"Comment\",\"target\":[\"https:\\\/\\\/www.docenti.it\\\/blog\\\/graduatorie-ata-24-mesi-2026-27-definitive\\\/#respond\"]}]},{\"@type\":\"WebPage\",\"@id\":\"https:\\\/\\\/www.docenti.it\\\/blog\\\/graduatorie-ata-24-mesi-2026-27-definitive\\\/\",\"url\":\"https:\\\/\\\/www.docenti.it\\\/blog\\\/graduatorie-ata-24-mesi-2026-27-definitive\\\/\",\"name\":\"Graduatorie ATA 24 mesi definitive 2026\\\/27: cosa fare negli errori di punteggio\",\"isPartOf\":{\"@id\":\"https:\\\/\\\/www.docenti.it\\\/blog\\\/#website\"},\"primaryImageOfPage\":{\"@id\":\"https:\\\/\\\/www.docenti.it\\\/blog\\\/graduatorie-ata-24-mesi-2026-27-definitive\\\/#primaryimage\"},\"image\":{\"@id\":\"https:\\\/\\\/www.docenti.it\\\/blog\\\/graduatorie-ata-24-mesi-2026-27-definitive\\\/#primaryimage\"},\"thumbnailUrl\":\"https:\\\/\\\/www.docenti.it\\\/blog\\\/wp-content\\\/uploads\\\/2023\\\/07\\\/pexels-olia-danilevich-5088021-scaled.jpg\",\"datePublished\":\"2026-09-02T17:40:48+00:00\",\"dateModified\":\"2026-09-02T17:40:49+00:00\",\"description\":\"Graduatorie ATA 24 mesi definitive 2026\\\/27: come trovarle sul sito del tuo USP, differenza con le provvisorie, reclamo entro 10 giorni.\",\"breadcrumb\":{\"@id\":\"https:\\\/\\\/www.docenti.it\\\/blog\\\/graduatorie-ata-24-mesi-2026-27-definitive\\\/#breadcrumb\"},\"inLanguage\":\"it-IT\",\"potentialAction\":[{\"@type\":\"ReadAction\",\"target\":[\"https:\\\/\\\/www.docenti.it\\\/blog\\\/graduatorie-ata-24-mesi-2026-27-definitive\\\/\"]}]},{\"@type\":\"ImageObject\",\"inLanguage\":\"it-IT\",\"@id\":\"https:\\\/\\\/www.docenti.it\\\/blog\\\/graduatorie-ata-24-mesi-2026-27-definitive\\\/#primaryimage\",\"url\":\"https:\\\/\\\/www.docenti.it\\\/blog\\\/wp-content\\\/uploads\\\/2023\\\/07\\\/pexels-olia-danilevich-5088021-scaled.jpg\",\"contentUrl\":\"https:\\\/\\\/www.docenti.it\\\/blog\\\/wp-content\\\/uploads\\\/2023\\\/07\\\/pexels-olia-danilevich-5088021-scaled.jpg\",\"width\":2560,\"height\":1707,\"caption\":\"Graduatorie ATA 24 mesi\"},{\"@type\":\"BreadcrumbList\",\"@id\":\"https:\\\/\\\/www.docenti.it\\\/blog\\\/graduatorie-ata-24-mesi-2026-27-definitive\\\/#breadcrumb\",\"itemListElement\":[{\"@type\":\"ListItem\",\"position\":1,\"name\":\"Home\",\"item\":\"https:\\\/\\\/www.docenti.it\\\/blog\\\/\"},{\"@type\":\"ListItem\",\"position\":2,\"name\":\"Graduatorie ATA 24 mesi definitive 2026\\\/27: dove trovarle e come contestare il punteggio\"}]},{\"@type\":\"WebSite\",\"@id\":\"https:\\\/\\\/www.docenti.it\\\/blog\\\/#website\",\"url\":\"https:\\\/\\\/www.docenti.it\\\/blog\\\/\",\"name\":\"Blog | Docenti.it\",\"description\":\"Tutte le notizie e gli aggiornamenti dal mondo della scuola\",\"publisher\":{\"@id\":\"https:\\\/\\\/www.docenti.it\\\/blog\\\/#organization\"},\"potentialAction\":[{\"@type\":\"SearchAction\",\"target\":{\"@type\":\"EntryPoint\",\"urlTemplate\":\"https:\\\/\\\/www.docenti.it\\\/blog\\\/?s={search_term_string}\"},\"query-input\":{\"@type\":\"PropertyValueSpecification\",\"valueRequired\":true,\"valueName\":\"search_term_string\"}}],\"inLanguage\":\"it-IT\"},{\"@type\":\"Organization\",\"@id\":\"https:\\\/\\\/www.docenti.it\\\/blog\\\/#organization\",\"name\":\"Blog | Docenti.it\",\"url\":\"https:\\\/\\\/www.docenti.it\\\/blog\\\/\",\"logo\":{\"@type\":\"ImageObject\",\"inLanguage\":\"it-IT\",\"@id\":\"https:\\\/\\\/www.docenti.it\\\/blog\\\/#\\\/schema\\\/logo\\\/image\\\/\",\"url\":\"https:\\\/\\\/www.docenti.it\\\/blog\\\/wp-content\\\/uploads\\\/2025\\\/06\\\/fb_mad_img.png\",\"contentUrl\":\"https:\\\/\\\/www.docenti.it\\\/blog\\\/wp-content\\\/uploads\\\/2025\\\/06\\\/fb_mad_img.png\",\"width\":1140,\"height\":620,\"caption\":\"Blog | Docenti.it\"},\"image\":{\"@id\":\"https:\\\/\\\/www.docenti.it\\\/blog\\\/#\\\/schema\\\/logo\\\/image\\\/\"},\"sameAs\":[\"https:\\\/\\\/www.facebook.com\\\/docenti.it\"]},{\"@type\":\"Person\",\"@id\":\"https:\\\/\\\/www.docenti.it\\\/blog\\\/#\\\/schema\\\/person\\\/773963d3c0645bd34c150c41a13e5754\",\"name\":\"Gabriella Capraro\",\"image\":{\"@type\":\"ImageObject\",\"inLanguage\":\"it-IT\",\"@id\":\"https:\\\/\\\/secure.gravatar.com\\\/avatar\\\/761075ddede7748b5d672d655cf8f326b9e5974df7bb15c5f378e7b84ddae927?s=96&d=mm&r=g\",\"url\":\"https:\\\/\\\/secure.gravatar.com\\\/avatar\\\/761075ddede7748b5d672d655cf8f326b9e5974df7bb15c5f378e7b84ddae927?s=96&d=mm&r=g\",\"contentUrl\":\"https:\\\/\\\/secure.gravatar.com\\\/avatar\\\/761075ddede7748b5d672d655cf8f326b9e5974df7bb15c5f378e7b84ddae927?s=96&d=mm&r=g\",\"caption\":\"Gabriella Capraro\"},\"description\":\"Copywriter e digital strategist, collabora come articolista e autrice per diverse piattaforme online, spaziando da tematiche scolastiche\\\/istituzionali a letterarie e musicali.\",\"url\":\"https:\\\/\\\/www.docenti.it\\\/blog\\\/author\\\/gcapraro\\\/\"}]}<\/script>\n<!-- \/ Yoast SEO plugin. -->","yoast_head_json":{"title":"Graduatorie ATA 24 mesi definitive 2026\/27: cosa fare negli errori di punteggio","description":"Graduatorie ATA 24 mesi definitive 2026\/27: come trovarle sul sito del tuo USP, differenza con le provvisorie, reclamo entro 10 giorni.","robots":{"index":"index","follow":"follow","max-snippet":"max-snippet:-1","max-image-preview":"max-image-preview:large","max-video-preview":"max-video-preview:-1"},"canonical":"https:\/\/www.docenti.it\/blog\/graduatorie-ata-24-mesi-2026-27-definitive\/","og_locale":"it_IT","og_type":"article","og_title":"Graduatorie ATA 24 mesi definitive 2026\/27: cosa fare negli errori di punteggio","og_description":"Graduatorie ATA 24 mesi definitive 2026\/27: come trovarle sul sito del tuo USP, differenza con le provvisorie, reclamo entro 10 giorni.","og_url":"https:\/\/www.docenti.it\/blog\/graduatorie-ata-24-mesi-2026-27-definitive\/","og_site_name":"Blog | Docenti.it","article_publisher":"https:\/\/www.facebook.com\/docenti.it","article_published_time":"2026-09-02T17:40:48+00:00","article_modified_time":"2026-09-02T17:40:49+00:00","og_image":[{"width":2560,"height":1707,"url":"https:\/\/www.docenti.it\/blog\/wp-content\/uploads\/2023\/07\/pexels-olia-danilevich-5088021-scaled.jpg","type":"image\/jpeg"}],"author":"Gabriella Capraro","twitter_card":"summary_large_image","twitter_misc":{"Scritto da":"Gabriella Capraro","Tempo di lettura stimato":"13 minuti"},"schema":{"@context":"https:\/\/schema.org","@graph":[{"@type":"Article","@id":"https:\/\/www.docenti.it\/blog\/graduatorie-ata-24-mesi-2026-27-definitive\/#article","isPartOf":{"@id":"https:\/\/www.docenti.it\/blog\/graduatorie-ata-24-mesi-2026-27-definitive\/"},"author":{"name":"Gabriella Capraro","@id":"https:\/\/www.docenti.it\/blog\/#\/schema\/person\/773963d3c0645bd34c150c41a13e5754"},"headline":"Graduatorie ATA 24 mesi definitive 2026\/27: dove trovarle e come contestare il punteggio","datePublished":"2026-09-02T17:40:48+00:00","dateModified":"2026-09-02T17:40:49+00:00","mainEntityOfPage":{"@id":"https:\/\/www.docenti.it\/blog\/graduatorie-ata-24-mesi-2026-27-definitive\/"},"wordCount":2619,"commentCount":0,"publisher":{"@id":"https:\/\/www.docenti.it\/blog\/#organization"},"image":{"@id":"https:\/\/www.docenti.it\/blog\/graduatorie-ata-24-mesi-2026-27-definitive\/#primaryimage"},"thumbnailUrl":"https:\/\/www.docenti.it\/blog\/wp-content\/uploads\/2023\/07\/pexels-olia-danilevich-5088021-scaled.jpg","keywords":["ATA 24 mesi","graduatorie ATA 24 mesi"],"articleSection":["Personale ATA"],"inLanguage":"it-IT","potentialAction":[{"@type":"CommentAction","name":"Comment","target":["https:\/\/www.docenti.it\/blog\/graduatorie-ata-24-mesi-2026-27-definitive\/#respond"]}]},{"@type":"WebPage","@id":"https:\/\/www.docenti.it\/blog\/graduatorie-ata-24-mesi-2026-27-definitive\/","url":"https:\/\/www.docenti.it\/blog\/graduatorie-ata-24-mesi-2026-27-definitive\/","name":"Graduatorie ATA 24 mesi definitive 2026\/27: cosa fare negli errori di punteggio","isPartOf":{"@id":"https:\/\/www.docenti.it\/blog\/#website"},"primaryImageOfPage":{"@id":"https:\/\/www.docenti.it\/blog\/graduatorie-ata-24-mesi-2026-27-definitive\/#primaryimage"},"image":{"@id":"https:\/\/www.docenti.it\/blog\/graduatorie-ata-24-mesi-2026-27-definitive\/#primaryimage"},"thumbnailUrl":"https:\/\/www.docenti.it\/blog\/wp-content\/uploads\/2023\/07\/pexels-olia-danilevich-5088021-scaled.jpg","datePublished":"2026-09-02T17:40:48+00:00","dateModified":"2026-09-02T17:40:49+00:00","description":"Graduatorie ATA 24 mesi definitive 2026\/27: come trovarle sul sito del tuo USP, differenza con le provvisorie, reclamo entro 10 giorni.","breadcrumb":{"@id":"https:\/\/www.docenti.it\/blog\/graduatorie-ata-24-mesi-2026-27-definitive\/#breadcrumb"},"inLanguage":"it-IT","potentialAction":[{"@type":"ReadAction","target":["https:\/\/www.docenti.it\/blog\/graduatorie-ata-24-mesi-2026-27-definitive\/"]}]},{"@type":"ImageObject","inLanguage":"it-IT","@id":"https:\/\/www.docenti.it\/blog\/graduatorie-ata-24-mesi-2026-27-definitive\/#primaryimage","url":"https:\/\/www.docenti.it\/blog\/wp-content\/uploads\/2023\/07\/pexels-olia-danilevich-5088021-scaled.jpg","contentUrl":"https:\/\/www.docenti.it\/blog\/wp-content\/uploads\/2023\/07\/pexels-olia-danilevich-5088021-scaled.jpg","width":2560,"height":1707,"caption":"Graduatorie ATA 24 mesi"},{"@type":"BreadcrumbList","@id":"https:\/\/www.docenti.it\/blog\/graduatorie-ata-24-mesi-2026-27-definitive\/#breadcrumb","itemListElement":[{"@type":"ListItem","position":1,"name":"Home","item":"https:\/\/www.docenti.it\/blog\/"},{"@type":"ListItem","position":2,"name":"Graduatorie ATA 24 mesi definitive 2026\/27: dove trovarle e come contestare il punteggio"}]},{"@type":"WebSite","@id":"https:\/\/www.docenti.it\/blog\/#website","url":"https:\/\/www.docenti.it\/blog\/","name":"Blog | Docenti.it","description":"Tutte le notizie e gli aggiornamenti dal mondo della scuola","publisher":{"@id":"https:\/\/www.docenti.it\/blog\/#organization"},"potentialAction":[{"@type":"SearchAction","target":{"@type":"EntryPoint","urlTemplate":"https:\/\/www.docenti.it\/blog\/?s={search_term_string}"},"query-input":{"@type":"PropertyValueSpecification","valueRequired":true,"valueName":"search_term_string"}}],"inLanguage":"it-IT"},{"@type":"Organization","@id":"https:\/\/www.docenti.it\/blog\/#organization","name":"Blog | Docenti.it","url":"https:\/\/www.docenti.it\/blog\/","logo":{"@type":"ImageObject","inLanguage":"it-IT","@id":"https:\/\/www.docenti.it\/blog\/#\/schema\/logo\/image\/","url":"https:\/\/www.docenti.it\/blog\/wp-content\/uploads\/2025\/06\/fb_mad_img.png","contentUrl":"https:\/\/www.docenti.it\/blog\/wp-content\/uploads\/2025\/06\/fb_mad_img.png","width":1140,"height":620,"caption":"Blog | Docenti.it"},"image":{"@id":"https:\/\/www.docenti.it\/blog\/#\/schema\/logo\/image\/"},"sameAs":["https:\/\/www.facebook.com\/docenti.it"]},{"@type":"Person","@id":"https:\/\/www.docenti.it\/blog\/#\/schema\/person\/773963d3c0645bd34c150c41a13e5754","name":"Gabriella Capraro","image":{"@type":"ImageObject","inLanguage":"it-IT","@id":"https:\/\/secure.gravatar.com\/avatar\/761075ddede7748b5d672d655cf8f326b9e5974df7bb15c5f378e7b84ddae927?s=96&d=mm&r=g","url":"https:\/\/secure.gravatar.com\/avatar\/761075ddede7748b5d672d655cf8f326b9e5974df7bb15c5f378e7b84ddae927?s=96&d=mm&r=g","contentUrl":"https:\/\/secure.gravatar.com\/avatar\/761075ddede7748b5d672d655cf8f326b9e5974df7bb15c5f378e7b84ddae927?s=96&d=mm&r=g","caption":"Gabriella Capraro"},"description":"Copywriter e digital strategist, collabora come articolista e autrice per diverse piattaforme online, spaziando da tematiche scolastiche\/istituzionali a letterarie e musicali.","url":"https:\/\/www.docenti.it\/blog\/author\/gcapraro\/"}]}},"_links":{"self":[{"href":"https:\/\/www.docenti.it\/blog\/wp-json\/wp\/v2\/posts\/48841","targetHints":{"allow":["GET"]}}],"collection":[{"href":"https:\/\/www.docenti.it\/blog\/wp-json\/wp\/v2\/posts"}],"about":[{"href":"https:\/\/www.docenti.it\/blog\/wp-json\/wp\/v2\/types\/post"}],"author":[{"embeddable":true,"href":"https:\/\/www.docenti.it\/blog\/wp-json\/wp\/v2\/users\/25"}],"replies":[{"embeddable":true,"href":"https:\/\/www.docenti.it\/blog\/wp-json\/wp\/v2\/comments?post=48841"}],"version-history":[{"count":1,"href":"https:\/\/www.docenti.it\/blog\/wp-json\/wp\/v2\/posts\/48841\/revisions"}],"predecessor-version":[{"id":48842,"href":"https:\/\/www.docenti.it\/blog\/wp-json\/wp\/v2\/posts\/48841\/revisions\/48842"}],"wp:featuredmedia":[{"embeddable":true,"href":"https:\/\/www.docenti.it\/blog\/wp-json\/wp\/v2\/media\/45326"}],"wp:attachment":[{"href":"https:\/\/www.docenti.it\/blog\/wp-json\/wp\/v2\/media?parent=48841"}],"wp:term":[{"taxonomy":"category","embeddable":true,"href":"https:\/\/www.docenti.it\/blog\/wp-json\/wp\/v2\/categories?post=48841"},{"taxonomy":"post_tag","embeddable":true,"href":"https:\/\/www.docenti.it\/blog\/wp-json\/wp\/v2\/tags?post=48841"}],"curies":[{"name":"wp","href":"https:\/\/api.w.org\/{rel}","templated":true}]}}