{"id":5062,"date":"2021-08-16T07:30:00","date_gmt":"2021-08-16T05:30:00","guid":{"rendered":"https:\/\/www.docenti.it\/blog\/?p=5062"},"modified":"2022-06-08T11:51:15","modified_gmt":"2022-06-08T09:51:15","slug":"messa-a-disposizione-scuola-il-momento-migliore-per-inviarla-e-oggi-scopri-perche","status":"publish","type":"post","link":"https:\/\/www.docenti.it\/blog\/messa-a-disposizione-scuola-il-momento-migliore-per-inviarla-e-oggi-scopri-perche\/","title":{"rendered":"Messa a Disposizione scuola: il momento migliore per inviarla \u00e8 OGGI. Scopri perch\u00e9"},"content":{"rendered":"\n<p>Abbiamo gi\u00e0 approfondito quali siano i periodi migliori in cui inviare la domanda di <strong>Messa a Disposizione scuola<\/strong>. <\/p>\n\n\n\n<p>Oggi vogliamo concentrarci su uno di questi, ovvero il periodo che comprende la<strong> met\u00e0 di agosto<\/strong>. <\/p>\n\n\n\n<p><strong>Perch\u00e9 dovresti mandare la tua domanda di Messa a Disposizione scuola proprio oggi?<\/strong><\/p>\n\n\n\n<!--more-->\n\n\n\n<h2>Invia la tua Messa a Disposizione scuola oggi: perch\u00e9?<\/h2>\n\n\n\n<p>Come abbiamo sempre detto,<strong> la MAD pu\u00f2 essere mandata in tutto l&#8217;anno<\/strong>, senza limiti temporali.<\/p>\n\n\n\n<p>Ma se \u00e8 vero che esistono periodi migliori in cui poterla inviare, \u00e8 anche vero che c&#8217;\u00e8 sicuramente un momento pi\u00f9 importante rispetto agli altri.<\/p>\n\n\n\n<p>Parliamo della <strong>seconda met\u00e0 di agosto<\/strong>, quel periodo che riguarda le ultime due settimane del mese e che, guarda caso, inizia proprio oggi. <\/p>\n\n\n\n<p><em>Perch\u00e9 \u00e8 questo il momento migliore per inviare la tua MAD?<\/em><\/p>\n\n\n\n<p>Il motivo \u00e8 pi\u00f9 semplice di quanto si pensi.<br><strong>Ad agosto le segreterie scolastiche riaprono e riapre anche la ricerca di insegnanti da assegnare per ricoprire le cattedre vuote di settembre<\/strong>.<\/p>\n\n\n\n<p>Ogni anno, infatti, <strong>la scuola ha sempre un&#8217;enorme necessit\u00e0 di personale docente e ATA<\/strong>.<\/p>\n\n\n\n<p>Al periodo di agosto segue l&#8217;inizio della scuola: per questo, \u00e8 preferibile e consigliabile inviare ora la<strong> Messa a Disposizione scuola<\/strong>.<\/p>\n\n\n\n<p>In questo modo, <strong>sarai sicuro di avere maggiori probabilit\u00e0 che la tua candidatura venga notata, in mezzo a milioni di altre<\/strong>. <\/p>\n\n\n<p>[maxbutton id=&#8221;1&#8243; url=&#8221;https:\/\/www.docenti.it\/messa-a-disposizione.html?lnk=104&#8243; text=&#8221;Invia la tua MAD online&#8221; ]<\/p>\n\n\n\n<p><\/p>\n\n\n\n<h3>Invia la tua MAD con Docenti.it: i vantaggi<\/h3>\n\n\n\n<p><strong>Ma inviare la propria domanda di Messa a Disposizione nel momento migliore dell&#8217;anno non basta<\/strong>.<\/p>\n\n\n\n<p>Serve anche una piattaforma che te la veicoli ed invii direttamente nelle caselle istituzionali scolastiche.<\/p>\n\n\n\n<p>Infatti, <strong>inviare la tua MAD in maniera autonoma \u00e8 un gran dispendio di energie per te<\/strong>.<\/p>\n\n\n\n<p><em>Perch\u00e9 questo?<\/em><\/p>\n\n\n\n<p>Perch\u00e9 devi cercare gli indirizzi mail di tutte le scuole della provincia di interesse per inviare la tua MAD e compilare il form sui siti di ogni scuola.<\/p>\n\n\n\n<p>Inoltre, <strong>se la invii senza appoggiarti a nessuna piattaforma, non avrai mai la certezza che la tua MAD venga considerata.<\/strong> <\/p>\n\n\n\n<p>Affidandoti a Docenti.it, invece, avrai numerosi <strong>vantaggi<\/strong>:<\/p>\n\n\n\n<ul><li>Una volta compilata la tua MAD, <strong>sarai ricontattato entro 24h da un nostro consulente specializzato<\/strong>, che ti accompagner\u00e0 lungo tutto il percorso, fino all&#8217;invio della tua domanda;<br><\/li><li>Il consulente che ti affiancher\u00e0 riepilogher\u00e0 i tuoi dati, correggendo eventuali errori;<br><\/li><li><strong>Invier\u00e0 la tua domanda alle scuole solo dopo averla corretta e resa idonea<\/strong>;<br><\/li><li>Solo inviando la tua MAD con Docenti.it, <strong>verrai inserito nell\u2019Elenco Nazionale Supplenti<\/strong>, consultato da pi\u00f9 di 12mila istituti (pubblici e privati);&nbsp;<br><\/li><li>Inoltre, a procedura ultimata, riceverai un report delle scuole che hanno ricevuto la tua candidatura, con i loro contatti.<br>In questo modo, tu potrai chiamarle e verificare che la tua&nbsp;<strong>MAD<\/strong>&nbsp;sia arrivata a destinazione sana e salva;<br><\/li><li>In pi\u00f9, il nostro servizio di&nbsp;<strong>Invio MAD online<\/strong>&nbsp;\u00e8 tutelato dalla&nbsp;<strong>garanzia Soddisfatti o Rimborsati.<\/strong><\/li><\/ul>\n\n\n<p>[maxbutton id=&#8221;1&#8243; url=&#8221;https:\/\/www.docenti.it\/messa-a-disposizione.html?lnk=104&#8243; text=&#8221;Invia la tua MAD online&#8221; ]<\/p>\n\n\n\n<p><\/p>\n\n\n\n<h2>Domanda di Messa a Disposizione e MIUR: si pu\u00f2 mandare la MAD?<\/h2>\n\n\n\n<p>Come abbiamo gi\u00e0 sottolineato prima,<strong> la scuola ricerca ogni anno tantissimi insegnanti<\/strong>.<\/p>\n\n\n\n<p>Per questo motivo, nonostante <a rel=\"noreferrer noopener\" href=\"https:\/\/www.docenti.it\/blog\/messa-a-disposizione-e-circolare-miur-e-se-volessi-mandare-la-mad\/\" target=\"_blank\">la circolare del MIUR che vieta di inviare la MAD per gli insegnanti iscritti in graduatorie provinciali GPS<\/a>, <strong>noi di Docenti.it consigliamo ugualmente di inviarla<\/strong>.<\/p>\n\n\n\n<p>Questo per tre motivi:<\/p>\n\n\n\n<ul><li>Il MIUR ha emesso la stessa comunicazione l&#8217;anno scorso, rettificandola qualche mese dopo. <br>Questo perch\u00e9? <br>Perch\u00e9, una volta esaurite le graduatorie, la scuola si \u00e8 trovata senza insegnanti. <\/li><\/ul>\n\n\n\n<ul><li>Non sono state previste sanzioni o depennamenti per chi decidesse di inviare ugualmente la MAD e fosse iscritto in GPS;<br><\/li><li>Come abbiamo gi\u00e0 sottolineato: la scuola ha costantemente bisogno di personale docente. <br>Per questo motivo, non inviare la domanda di Messa a Disposizione equivale a perdere la possibilit\u00e0 di ottenere una supplenza.<\/li><\/ul>\n\n\n\n<p class=\"has-text-align-center\"><em><strong>Vuoi davvero rischiare di rimanere a mani vuote? <\/strong><\/em><\/p>\n\n\n\n<p class=\"has-text-align-center\"><em><strong>&#8230; O preferisci trovare un lavoro?<br><\/strong><\/em><\/p>\n\n\n<p>[maxbutton id=&#8221;1&#8243; url=&#8221;https:\/\/www.docenti.it\/messa-a-disposizione.html?lnk=104&#8243; text=&#8221;Invia la tua MAD online&#8221; ]<\/p>\n\n\n\n<p>Photo credit: <a href=\"https:\/\/pixabay.com\" target=\"_blank\" rel=\"noreferrer noopener\">Pixabay<\/a>. <\/p>\n","protected":false},"excerpt":{"rendered":"<p>A partire da oggii, luned\u00ec 16 agosto, si apre il periodo migliore per inviare la tua Messa a Disposizione scuola. Scopri perch\u00e9. <\/p>\n","protected":false},"author":21,"featured_media":26281,"comment_status":"open","ping_status":"open","sticky":false,"template":"","format":"standard","meta":[],"categories":[2],"tags":[],"yoast_head":"<!-- This site is optimized with the Yoast SEO plugin v20.4 - https:\/\/yoast.com\/wordpress\/plugins\/seo\/ -->\n<title>Messa a Disposizione scuola: il momento migliore per inviarla \u00e8 OGGI. Scopri perch\u00e9<\/title>\n<meta name=\"description\" content=\"A partire da oggii, luned\u00ec 16 agosto, si apre il periodo migliore per inviare la tua Messa a Disposizione scuola. Scopri perch\u00e9.\" \/>\n<meta name=\"robots\" content=\"index, follow, max-snippet:-1, max-image-preview:large, max-video-preview:-1\" \/>\n<link rel=\"canonical\" href=\"https:\/\/www.docenti.it\/blog\/messa-a-disposizione-scuola-il-momento-migliore-per-inviarla-e-oggi-scopri-perche\/\" \/>\n<meta property=\"og:locale\" content=\"it_IT\" \/>\n<meta property=\"og:type\" content=\"article\" \/>\n<meta property=\"og:title\" content=\"Messa a Disposizione scuola: il momento migliore per inviarla \u00e8 OGGI. Scopri perch\u00e9\" \/>\n<meta property=\"og:description\" content=\"A partire da oggii, luned\u00ec 16 agosto, si apre il periodo migliore per inviare la tua Messa a Disposizione scuola. Scopri perch\u00e9.\" \/>\n<meta property=\"og:url\" content=\"https:\/\/www.docenti.it\/blog\/messa-a-disposizione-scuola-il-momento-migliore-per-inviarla-e-oggi-scopri-perche\/\" \/>\n<meta property=\"og:site_name\" content=\"Blog | Docenti.it\" \/>\n<meta property=\"article:publisher\" content=\"https:\/\/www.facebook.com\/docenti.it\" \/>\n<meta property=\"article:author\" content=\"https:\/\/www.facebook.com\/profile.php?id=1555867670\" \/>\n<meta property=\"article:published_time\" content=\"2021-08-16T05:30:00+00:00\" \/>\n<meta property=\"article:modified_time\" content=\"2022-06-08T09:51:15+00:00\" \/>\n<meta property=\"og:image\" content=\"https:\/\/www.docenti.it\/blog\/wp-content\/uploads\/2021\/08\/pexels-fauxels-3184432.jpg\" \/>\n\t<meta property=\"og:image:width\" content=\"640\" \/>\n\t<meta property=\"og:image:height\" content=\"427\" \/>\n\t<meta property=\"og:image:type\" content=\"image\/jpeg\" \/>\n<meta name=\"author\" content=\"Martina Vaggi\" \/>\n<meta name=\"twitter:card\" content=\"summary_large_image\" \/>\n<meta name=\"twitter:label1\" content=\"Written by\" \/>\n\t<meta name=\"twitter:data1\" content=\"Martina Vaggi\" \/>\n\t<meta name=\"twitter:label2\" content=\"Est. reading time\" \/>\n\t<meta name=\"twitter:data2\" content=\"4 minuti\" \/>\n<script type=\"application\/ld+json\" class=\"yoast-schema-graph\">{\"@context\":\"https:\/\/schema.org\",\"@graph\":[{\"@type\":\"Article\",\"@id\":\"https:\/\/www.docenti.it\/blog\/messa-a-disposizione-scuola-il-momento-migliore-per-inviarla-e-oggi-scopri-perche\/#article\",\"isPartOf\":{\"@id\":\"https:\/\/www.docenti.it\/blog\/messa-a-disposizione-scuola-il-momento-migliore-per-inviarla-e-oggi-scopri-perche\/\"},\"author\":{\"name\":\"Martina Vaggi\",\"@id\":\"https:\/\/www.docenti.it\/blog\/#\/schema\/person\/99c2fdaf54e96829fe4ed44da8233688\"},\"headline\":\"Messa a Disposizione scuola: il momento migliore per inviarla \u00e8 OGGI. Scopri perch\u00e9\",\"datePublished\":\"2021-08-16T05:30:00+00:00\",\"dateModified\":\"2022-06-08T09:51:15+00:00\",\"mainEntityOfPage\":{\"@id\":\"https:\/\/www.docenti.it\/blog\/messa-a-disposizione-scuola-il-momento-migliore-per-inviarla-e-oggi-scopri-perche\/\"},\"wordCount\":671,\"commentCount\":0,\"publisher\":{\"@id\":\"https:\/\/www.docenti.it\/blog\/#organization\"},\"articleSection\":[\"Messa a Disposizione\"],\"inLanguage\":\"it-IT\",\"potentialAction\":[{\"@type\":\"CommentAction\",\"name\":\"Comment\",\"target\":[\"https:\/\/www.docenti.it\/blog\/messa-a-disposizione-scuola-il-momento-migliore-per-inviarla-e-oggi-scopri-perche\/#respond\"]}]},{\"@type\":\"WebPage\",\"@id\":\"https:\/\/www.docenti.it\/blog\/messa-a-disposizione-scuola-il-momento-migliore-per-inviarla-e-oggi-scopri-perche\/\",\"url\":\"https:\/\/www.docenti.it\/blog\/messa-a-disposizione-scuola-il-momento-migliore-per-inviarla-e-oggi-scopri-perche\/\",\"name\":\"Messa a Disposizione scuola: il momento migliore per inviarla \u00e8 OGGI. Scopri perch\u00e9\",\"isPartOf\":{\"@id\":\"https:\/\/www.docenti.it\/blog\/#website\"},\"datePublished\":\"2021-08-16T05:30:00+00:00\",\"dateModified\":\"2022-06-08T09:51:15+00:00\",\"description\":\"A partire da oggii, luned\u00ec 16 agosto, si apre il periodo migliore per inviare la tua Messa a Disposizione scuola. Scopri perch\u00e9.\",\"breadcrumb\":{\"@id\":\"https:\/\/www.docenti.it\/blog\/messa-a-disposizione-scuola-il-momento-migliore-per-inviarla-e-oggi-scopri-perche\/#breadcrumb\"},\"inLanguage\":\"it-IT\",\"potentialAction\":[{\"@type\":\"ReadAction\",\"target\":[\"https:\/\/www.docenti.it\/blog\/messa-a-disposizione-scuola-il-momento-migliore-per-inviarla-e-oggi-scopri-perche\/\"]}]},{\"@type\":\"BreadcrumbList\",\"@id\":\"https:\/\/www.docenti.it\/blog\/messa-a-disposizione-scuola-il-momento-migliore-per-inviarla-e-oggi-scopri-perche\/#breadcrumb\",\"itemListElement\":[{\"@type\":\"ListItem\",\"position\":1,\"name\":\"Home\",\"item\":\"https:\/\/www.docenti.it\/blog\/\"},{\"@type\":\"ListItem\",\"position\":2,\"name\":\"Messa a Disposizione scuola: il momento migliore per inviarla \u00e8 OGGI. Scopri perch\u00e9\"}]},{\"@type\":\"WebSite\",\"@id\":\"https:\/\/www.docenti.it\/blog\/#website\",\"url\":\"https:\/\/www.docenti.it\/blog\/\",\"name\":\"Blog | Docenti.it\",\"description\":\"Tutte le notizie e gli aggiornamenti dal mondo della scuola\",\"publisher\":{\"@id\":\"https:\/\/www.docenti.it\/blog\/#organization\"},\"potentialAction\":[{\"@type\":\"SearchAction\",\"target\":{\"@type\":\"EntryPoint\",\"urlTemplate\":\"https:\/\/www.docenti.it\/blog\/?s={search_term_string}\"},\"query-input\":\"required name=search_term_string\"}],\"inLanguage\":\"it-IT\"},{\"@type\":\"Organization\",\"@id\":\"https:\/\/www.docenti.it\/blog\/#organization\",\"name\":\"Blog | Docenti.it\",\"url\":\"https:\/\/www.docenti.it\/blog\/\",\"logo\":{\"@type\":\"ImageObject\",\"inLanguage\":\"it-IT\",\"@id\":\"https:\/\/www.docenti.it\/blog\/#\/schema\/logo\/image\/\",\"url\":\"https:\/\/www.docenti.it\/blog\/wp-content\/uploads\/2025\/06\/fb_mad_img.png\",\"contentUrl\":\"https:\/\/www.docenti.it\/blog\/wp-content\/uploads\/2025\/06\/fb_mad_img.png\",\"width\":1140,\"height\":620,\"caption\":\"Blog | Docenti.it\"},\"image\":{\"@id\":\"https:\/\/www.docenti.it\/blog\/#\/schema\/logo\/image\/\"},\"sameAs\":[\"https:\/\/www.facebook.com\/docenti.it\"]},{\"@type\":\"Person\",\"@id\":\"https:\/\/www.docenti.it\/blog\/#\/schema\/person\/99c2fdaf54e96829fe4ed44da8233688\",\"name\":\"Martina Vaggi\",\"image\":{\"@type\":\"ImageObject\",\"inLanguage\":\"it-IT\",\"@id\":\"https:\/\/www.docenti.it\/blog\/#\/schema\/person\/image\/\",\"url\":\"https:\/\/secure.gravatar.com\/avatar\/14a13197979873d693ad915d249e3f54?s=96&d=mm&r=g\",\"contentUrl\":\"https:\/\/secure.gravatar.com\/avatar\/14a13197979873d693ad915d249e3f54?s=96&d=mm&r=g\",\"caption\":\"Martina Vaggi\"},\"description\":\"Classe 1991, copywriter e scrittrice. Nata a Sale, un paesino in provincia di Alessandria. Scrive dall\u2019et\u00e0 di 10 anni. Nel 2015 si laurea in Lettere Moderne presso l\u2019universit\u00e0 di Pavia. Nel 2020 pubblica il suo primo libro \\\"Il diario del silenzio - Storie reali di quarantena\\\" che descrive il processo di cambiamento della vita di 40 persone ai tempi del Covid. Nel 2022 si trasferisce a San Marino per lavorare come copywriter per Docenti.it\",\"sameAs\":[\"https:\/\/pensierisurrealidigentecomune.com\/\",\"https:\/\/www.facebook.com\/profile.php?id=1555867670\",\"https:\/\/www.instagram.com\/martiggi91\/\",\"https:\/\/it.linkedin.com\/in\/martina-vaggi\",\"https:\/\/www.youtube.com\/results?search_query=martina+vaggi\"],\"url\":\"https:\/\/www.docenti.it\/blog\/author\/martina-vaggi\/\"}]}<\/script>\n<!-- \/ Yoast SEO plugin. -->","yoast_head_json":{"title":"Messa a Disposizione scuola: il momento migliore per inviarla \u00e8 OGGI. Scopri perch\u00e9","description":"A partire da oggii, luned\u00ec 16 agosto, si apre il periodo migliore per inviare la tua Messa a Disposizione scuola. Scopri perch\u00e9.","robots":{"index":"index","follow":"follow","max-snippet":"max-snippet:-1","max-image-preview":"max-image-preview:large","max-video-preview":"max-video-preview:-1"},"canonical":"https:\/\/www.docenti.it\/blog\/messa-a-disposizione-scuola-il-momento-migliore-per-inviarla-e-oggi-scopri-perche\/","og_locale":"it_IT","og_type":"article","og_title":"Messa a Disposizione scuola: il momento migliore per inviarla \u00e8 OGGI. Scopri perch\u00e9","og_description":"A partire da oggii, luned\u00ec 16 agosto, si apre il periodo migliore per inviare la tua Messa a Disposizione scuola. Scopri perch\u00e9.","og_url":"https:\/\/www.docenti.it\/blog\/messa-a-disposizione-scuola-il-momento-migliore-per-inviarla-e-oggi-scopri-perche\/","og_site_name":"Blog | Docenti.it","article_publisher":"https:\/\/www.facebook.com\/docenti.it","article_author":"https:\/\/www.facebook.com\/profile.php?id=1555867670","article_published_time":"2021-08-16T05:30:00+00:00","article_modified_time":"2022-06-08T09:51:15+00:00","og_image":[{"width":640,"height":427,"url":"https:\/\/www.docenti.it\/blog\/wp-content\/uploads\/2021\/08\/pexels-fauxels-3184432.jpg","type":"image\/jpeg"}],"author":"Martina Vaggi","twitter_card":"summary_large_image","twitter_misc":{"Written by":"Martina Vaggi","Est. reading time":"4 minuti"},"schema":{"@context":"https:\/\/schema.org","@graph":[{"@type":"Article","@id":"https:\/\/www.docenti.it\/blog\/messa-a-disposizione-scuola-il-momento-migliore-per-inviarla-e-oggi-scopri-perche\/#article","isPartOf":{"@id":"https:\/\/www.docenti.it\/blog\/messa-a-disposizione-scuola-il-momento-migliore-per-inviarla-e-oggi-scopri-perche\/"},"author":{"name":"Martina Vaggi","@id":"https:\/\/www.docenti.it\/blog\/#\/schema\/person\/99c2fdaf54e96829fe4ed44da8233688"},"headline":"Messa a Disposizione scuola: il momento migliore per inviarla \u00e8 OGGI. Scopri perch\u00e9","datePublished":"2021-08-16T05:30:00+00:00","dateModified":"2022-06-08T09:51:15+00:00","mainEntityOfPage":{"@id":"https:\/\/www.docenti.it\/blog\/messa-a-disposizione-scuola-il-momento-migliore-per-inviarla-e-oggi-scopri-perche\/"},"wordCount":671,"commentCount":0,"publisher":{"@id":"https:\/\/www.docenti.it\/blog\/#organization"},"articleSection":["Messa a Disposizione"],"inLanguage":"it-IT","potentialAction":[{"@type":"CommentAction","name":"Comment","target":["https:\/\/www.docenti.it\/blog\/messa-a-disposizione-scuola-il-momento-migliore-per-inviarla-e-oggi-scopri-perche\/#respond"]}]},{"@type":"WebPage","@id":"https:\/\/www.docenti.it\/blog\/messa-a-disposizione-scuola-il-momento-migliore-per-inviarla-e-oggi-scopri-perche\/","url":"https:\/\/www.docenti.it\/blog\/messa-a-disposizione-scuola-il-momento-migliore-per-inviarla-e-oggi-scopri-perche\/","name":"Messa a Disposizione scuola: il momento migliore per inviarla \u00e8 OGGI. Scopri perch\u00e9","isPartOf":{"@id":"https:\/\/www.docenti.it\/blog\/#website"},"datePublished":"2021-08-16T05:30:00+00:00","dateModified":"2022-06-08T09:51:15+00:00","description":"A partire da oggii, luned\u00ec 16 agosto, si apre il periodo migliore per inviare la tua Messa a Disposizione scuola. Scopri perch\u00e9.","breadcrumb":{"@id":"https:\/\/www.docenti.it\/blog\/messa-a-disposizione-scuola-il-momento-migliore-per-inviarla-e-oggi-scopri-perche\/#breadcrumb"},"inLanguage":"it-IT","potentialAction":[{"@type":"ReadAction","target":["https:\/\/www.docenti.it\/blog\/messa-a-disposizione-scuola-il-momento-migliore-per-inviarla-e-oggi-scopri-perche\/"]}]},{"@type":"BreadcrumbList","@id":"https:\/\/www.docenti.it\/blog\/messa-a-disposizione-scuola-il-momento-migliore-per-inviarla-e-oggi-scopri-perche\/#breadcrumb","itemListElement":[{"@type":"ListItem","position":1,"name":"Home","item":"https:\/\/www.docenti.it\/blog\/"},{"@type":"ListItem","position":2,"name":"Messa a Disposizione scuola: il momento migliore per inviarla \u00e8 OGGI. Scopri perch\u00e9"}]},{"@type":"WebSite","@id":"https:\/\/www.docenti.it\/blog\/#website","url":"https:\/\/www.docenti.it\/blog\/","name":"Blog | Docenti.it","description":"Tutte le notizie e gli aggiornamenti dal mondo della scuola","publisher":{"@id":"https:\/\/www.docenti.it\/blog\/#organization"},"potentialAction":[{"@type":"SearchAction","target":{"@type":"EntryPoint","urlTemplate":"https:\/\/www.docenti.it\/blog\/?s={search_term_string}"},"query-input":"required name=search_term_string"}],"inLanguage":"it-IT"},{"@type":"Organization","@id":"https:\/\/www.docenti.it\/blog\/#organization","name":"Blog | Docenti.it","url":"https:\/\/www.docenti.it\/blog\/","logo":{"@type":"ImageObject","inLanguage":"it-IT","@id":"https:\/\/www.docenti.it\/blog\/#\/schema\/logo\/image\/","url":"https:\/\/www.docenti.it\/blog\/wp-content\/uploads\/2025\/06\/fb_mad_img.png","contentUrl":"https:\/\/www.docenti.it\/blog\/wp-content\/uploads\/2025\/06\/fb_mad_img.png","width":1140,"height":620,"caption":"Blog | Docenti.it"},"image":{"@id":"https:\/\/www.docenti.it\/blog\/#\/schema\/logo\/image\/"},"sameAs":["https:\/\/www.facebook.com\/docenti.it"]},{"@type":"Person","@id":"https:\/\/www.docenti.it\/blog\/#\/schema\/person\/99c2fdaf54e96829fe4ed44da8233688","name":"Martina Vaggi","image":{"@type":"ImageObject","inLanguage":"it-IT","@id":"https:\/\/www.docenti.it\/blog\/#\/schema\/person\/image\/","url":"https:\/\/secure.gravatar.com\/avatar\/14a13197979873d693ad915d249e3f54?s=96&d=mm&r=g","contentUrl":"https:\/\/secure.gravatar.com\/avatar\/14a13197979873d693ad915d249e3f54?s=96&d=mm&r=g","caption":"Martina Vaggi"},"description":"Classe 1991, copywriter e scrittrice. Nata a Sale, un paesino in provincia di Alessandria. Scrive dall\u2019et\u00e0 di 10 anni. Nel 2015 si laurea in Lettere Moderne presso l\u2019universit\u00e0 di Pavia. Nel 2020 pubblica il suo primo libro \"Il diario del silenzio - Storie reali di quarantena\" che descrive il processo di cambiamento della vita di 40 persone ai tempi del Covid. Nel 2022 si trasferisce a San Marino per lavorare come copywriter per Docenti.it","sameAs":["https:\/\/pensierisurrealidigentecomune.com\/","https:\/\/www.facebook.com\/profile.php?id=1555867670","https:\/\/www.instagram.com\/martiggi91\/","https:\/\/it.linkedin.com\/in\/martina-vaggi","https:\/\/www.youtube.com\/results?search_query=martina+vaggi"],"url":"https:\/\/www.docenti.it\/blog\/author\/martina-vaggi\/"}]}},"_links":{"self":[{"href":"https:\/\/www.docenti.it\/blog\/wp-json\/wp\/v2\/posts\/5062"}],"collection":[{"href":"https:\/\/www.docenti.it\/blog\/wp-json\/wp\/v2\/posts"}],"about":[{"href":"https:\/\/www.docenti.it\/blog\/wp-json\/wp\/v2\/types\/post"}],"author":[{"embeddable":true,"href":"https:\/\/www.docenti.it\/blog\/wp-json\/wp\/v2\/users\/21"}],"replies":[{"embeddable":true,"href":"https:\/\/www.docenti.it\/blog\/wp-json\/wp\/v2\/comments?post=5062"}],"version-history":[{"count":10,"href":"https:\/\/www.docenti.it\/blog\/wp-json\/wp\/v2\/posts\/5062\/revisions"}],"predecessor-version":[{"id":26280,"href":"https:\/\/www.docenti.it\/blog\/wp-json\/wp\/v2\/posts\/5062\/revisions\/26280"}],"wp:featuredmedia":[{"embeddable":true,"href":"https:\/\/www.docenti.it\/blog\/wp-json\/wp\/v2\/media\/26281"}],"wp:attachment":[{"href":"https:\/\/www.docenti.it\/blog\/wp-json\/wp\/v2\/media?parent=5062"}],"wp:term":[{"taxonomy":"category","embeddable":true,"href":"https:\/\/www.docenti.it\/blog\/wp-json\/wp\/v2\/categories?post=5062"},{"taxonomy":"post_tag","embeddable":true,"href":"https:\/\/www.docenti.it\/blog\/wp-json\/wp\/v2\/tags?post=5062"}],"curies":[{"name":"wp","href":"https:\/\/api.w.org\/{rel}","templated":true}]}}