{"id":6656,"date":"2021-10-06T09:00:00","date_gmt":"2021-10-06T07:00:00","guid":{"rendered":"https:\/\/www.docenti.it\/blog\/?p=6656"},"modified":"2022-05-27T18:10:17","modified_gmt":"2022-05-27T16:10:17","slug":"riapertura-graduatorie-scuola-scopri-in-quale-provincia-puoi-posizionarti-al-meglio","status":"publish","type":"post","link":"https:\/\/www.docenti.it\/blog\/riapertura-graduatorie-scuola-scopri-in-quale-provincia-puoi-posizionarti-al-meglio\/","title":{"rendered":"Riapertura graduatorie scuola: scopri in quale provincia puoi posizionarti al meglio"},"content":{"rendered":"\n<p>La <strong>riapertura graduatorie scuola<\/strong> non \u00e8 cos\u00ec lontana. <\/p>\n\n\n\n<p>Infatti, per l&#8217;estate 2022 \u00e8 prevista la riapertura delle graduatorie che consentir\u00e0 ai docenti non ancora inseriti di potervi accedere. <\/p>\n\n\n\n<!--more-->\n\n\n\n<p>Ora che sai di avere questa opportunit\u00e0 dovresti chiederti: in che modo posso sfruttarla al meglio?<\/p>\n\n\n\n<p>Cercando di <strong>aumentare il punteggio in graduatoria e di posizionarti nella provincia<\/strong> in cui hai maggiori possibilit\u00e0 di ottenere incarichi di supplenza.<\/p>\n\n\n\n<p>Ma non ti preoccupare: non dovrai fare tutto da solo.<\/p>\n\n\n\n<p>Tanto per iniziare, in questo articolo noi ti diamo indicazioni su come puoi fare per ottenere questi due importanti risultati.<\/p>\n\n\n\n<h2>Riapertura graduatorie scuola: in quale provincia mi inserisco?<\/h2>\n\n\n\n<p><strong>La provincia nella quale inserirsi in graduatoria \u00e8 molto importante.<\/strong> <\/p>\n\n\n\n<p>Infatti, forse ancora non lo sai, ma se ti iscrivi in graduatoria in una provincia dove hai un punteggio pi\u00f9 basso, avrai meno probabilit\u00e0 di ottenere incarichi di supplenza.<\/p>\n\n\n\n<p><strong>E meno opportunit\u00e0 di essere convocati, significa bassissime possibilit\u00e0 di raggiungere il tuo obiettivo: diventare un insegnante.<\/strong><\/p>\n\n\n\n<p><em>Ma in che modo puoi scoprire in quale provincia godrai di un punteggio pi\u00f9 alto?<\/em><\/p>\n\n\n\n<p>Non \u00e8 stregoneria e no, non \u00e8 impossibile come puoi pensare.<\/p>\n\n\n\n<p>In effetti, un modo per scoprire in quale provincia inserirti in graduatoria c\u2019\u00e8: si chiama <strong><a href=\"https:\/\/www.docenti.it\/in-cattedra.html\" target=\"_blank\" rel=\"noreferrer noopener\">InCattedra<\/a><\/strong>.<\/p>\n\n\n\n<p>Infatti, questo nuovo servizio ideato da <strong>Docenti.it<\/strong> si avvale di un sistema che ti consente di sapere esattamente quale punteggio avrai in graduatoria.<\/p>\n\n\n\n<p><em>In che modo?<\/em><\/p>\n\n\n\n<p>Grazie al <strong>software YourPlace<\/strong>, ideato dai nostri informatici, siamo riusciti ad incrociare tutte le graduatorie per poterti offrire questa possibilit\u00e0. <\/p>\n\n\n\n<p><strong>InCattedra<\/strong>, infatti, rappresenta un percorso che tu, se vorrai, potrai fare, accompagnato dai nostri consulenti.<br>Un percorso dove il consulente ti dedicher\u00e0 un&#8217;ora di chiamata, indagando il tuo percorso di studi, i tuoi titoli, il tuo curriculum come docente. <\/p>\n\n\n\n<p>Dopo aver svolto questa lunga chiaccherata, sarai tu ad indicare <strong>cinque province nelle quali vorresti candidarti <\/strong>per insegnare. <\/p>\n\n\n\n<p>Di queste cinque province, grazie al nostro software, il consulente sapr\u00e0 dirti qual&#8217;\u00e8 la migliore per te.<br>Ovvero, in quale di queste potrai ottenere un punteggio molto alto se seguirai i consigli del nostro consulente.<\/p>\n\n\n\n<h3>Come ottengo un punteggio pi\u00f9 alto in graduatoria?<\/h3>\n\n\n\n<p>Anche questo servizio \u00e8 incluso con <strong><a href=\"https:\/\/www.docenti.it\/in-cattedra.html\" target=\"_blank\" rel=\"noreferrer noopener\">InCattedra<\/a><\/strong>. <\/p>\n\n\n\n<p>Infatti, questo percorso ideato su misura per te consente al consulente di capire, nel corso della telefonata, quali sono ancora i passi che devi compiere per diventare insegnante dimezzando i tempi. <\/p>\n\n\n\n<p>Se tu vorrai seguire i passi che il consulente ti indicher\u00e0, potrai ottenere il punteggio previsto per il tuo percorso. <\/p>\n\n\n\n<p>Ti abbiamo incuriosito?<\/p>\n\n\n\n<p class=\"has-text-align-center\"><strong>Allora, mettiti in cammino: ci siamo noi ad indicarti la via.<\/strong><\/p>\n\n\n<p>[maxbutton id=&#8221;1&#8243; url=&#8221;https:\/\/docenti.it\/in-cattedra\/richiesta.html?lnk=104&#8243; text=&#8221;Scopri InCattedra&#8221; ]<\/p>\n\n\n\n<p><\/p>\n\n\n\n<p>Se vuoi approfondire l&#8217;argomento, leggi anche:<\/p>\n\n\n\n<ul><li><a href=\"come diventare insegnante di ruolo nella met\u00e0 del tempo.\" target=\"_blank\" rel=\"noreferrer noopener\">InCattedra: come diventare insegnante di ruolo nella met\u00e0 del tempo. <\/a><\/li><li><a href=\"https:\/\/www.docenti.it\/blog\/come-posizionarti-al-meglio-per-la-prossima-riapertura-graduatorie-provinciale\/\" target=\"_blank\" rel=\"noreferrer noopener\">Come posizionarti al meglio per la prossima riapertura graduatorie provinciale. <\/a><\/li><li><a href=\"https:\/\/www.docenti.it\/blog\/come-aumentare-punteggio-graduatoria-lofferta-di-docenti-it\/\" target=\"_blank\" rel=\"noreferrer noopener\">Come aumentare punteggio graduatoria: l\u2019offerta di Docenti.it. <\/a><\/li><li><a href=\"https:\/\/www.docenti.it\/blog\/scopri-in-quale-provincia-hai-maggiori-possibilita-di-diventare-insegnante\/\" target=\"_blank\" rel=\"noreferrer noopener\">Scopri in quale provincia hai maggiori possibilit\u00e0 di diventare insegnante.<\/a><\/li><\/ul>\n\n\n\n<p>Photo credit: <a href=\"https:\/\/online.seterra.com\/\" target=\"_blank\" rel=\"noreferrer noopener\">onlineseterra<\/a>. <\/p>\n","protected":false},"excerpt":{"rendered":"<p>La riapertura graduatorie scuola non \u00e8 cos\u00ec lontana. Infatti, per l&#8217;estate 2022 \u00e8 prevista [&hellip;]<\/p>\n","protected":false},"author":21,"featured_media":25396,"comment_status":"open","ping_status":"open","sticky":false,"template":"","format":"standard","meta":[],"categories":[5,233],"tags":[],"yoast_head":"<!-- This site is optimized with the Yoast SEO plugin v20.4 - https:\/\/yoast.com\/wordpress\/plugins\/seo\/ -->\n<title>Riapertura graduatorie scuola: scopri in quale provincia puoi posizionarti al meglio<\/title>\n<meta name=\"description\" content=\"Per l&#039;estate 2022 \u00e8 prevista la riapertura graduatorie scuola che consentir\u00e0 ai docenti non ancora inseriti di potervi accedere.\" \/>\n<meta name=\"robots\" content=\"index, follow, max-snippet:-1, max-image-preview:large, max-video-preview:-1\" \/>\n<link rel=\"canonical\" href=\"https:\/\/www.docenti.it\/blog\/riapertura-graduatorie-scuola-scopri-in-quale-provincia-puoi-posizionarti-al-meglio\/\" \/>\n<meta property=\"og:locale\" content=\"it_IT\" \/>\n<meta property=\"og:type\" content=\"article\" \/>\n<meta property=\"og:title\" content=\"Riapertura graduatorie scuola: scopri in quale provincia puoi posizionarti al meglio\" \/>\n<meta property=\"og:description\" content=\"Per l&#039;estate 2022 \u00e8 prevista la riapertura graduatorie scuola che consentir\u00e0 ai docenti non ancora inseriti di potervi accedere.\" \/>\n<meta property=\"og:url\" content=\"https:\/\/www.docenti.it\/blog\/riapertura-graduatorie-scuola-scopri-in-quale-provincia-puoi-posizionarti-al-meglio\/\" \/>\n<meta property=\"og:site_name\" content=\"Blog | Docenti.it\" \/>\n<meta property=\"article:publisher\" content=\"https:\/\/www.facebook.com\/docenti.it\" \/>\n<meta property=\"article:author\" content=\"https:\/\/www.facebook.com\/profile.php?id=1555867670\" \/>\n<meta property=\"article:published_time\" content=\"2021-10-06T07:00:00+00:00\" \/>\n<meta property=\"article:modified_time\" content=\"2022-05-27T16:10:17+00:00\" \/>\n<meta property=\"og:image\" content=\"https:\/\/www.docenti.it\/blog\/wp-content\/uploads\/2021\/10\/pexels-olia-danilevich-5088021.jpg\" \/>\n\t<meta property=\"og:image:width\" content=\"640\" \/>\n\t<meta property=\"og:image:height\" content=\"427\" \/>\n\t<meta property=\"og:image:type\" content=\"image\/jpeg\" \/>\n<meta name=\"author\" content=\"Martina Vaggi\" \/>\n<meta name=\"twitter:card\" content=\"summary_large_image\" \/>\n<meta name=\"twitter:label1\" content=\"Written by\" \/>\n\t<meta name=\"twitter:data1\" content=\"Martina Vaggi\" \/>\n\t<meta name=\"twitter:label2\" content=\"Est. reading time\" \/>\n\t<meta name=\"twitter:data2\" content=\"3 minuti\" \/>\n<script type=\"application\/ld+json\" class=\"yoast-schema-graph\">{\"@context\":\"https:\/\/schema.org\",\"@graph\":[{\"@type\":\"Article\",\"@id\":\"https:\/\/www.docenti.it\/blog\/riapertura-graduatorie-scuola-scopri-in-quale-provincia-puoi-posizionarti-al-meglio\/#article\",\"isPartOf\":{\"@id\":\"https:\/\/www.docenti.it\/blog\/riapertura-graduatorie-scuola-scopri-in-quale-provincia-puoi-posizionarti-al-meglio\/\"},\"author\":{\"name\":\"Martina Vaggi\",\"@id\":\"https:\/\/www.docenti.it\/blog\/#\/schema\/person\/99c2fdaf54e96829fe4ed44da8233688\"},\"headline\":\"Riapertura graduatorie scuola: scopri in quale provincia puoi posizionarti al meglio\",\"datePublished\":\"2021-10-06T07:00:00+00:00\",\"dateModified\":\"2022-05-27T16:10:17+00:00\",\"mainEntityOfPage\":{\"@id\":\"https:\/\/www.docenti.it\/blog\/riapertura-graduatorie-scuola-scopri-in-quale-provincia-puoi-posizionarti-al-meglio\/\"},\"wordCount\":486,\"commentCount\":0,\"publisher\":{\"@id\":\"https:\/\/www.docenti.it\/blog\/#organization\"},\"articleSection\":[\"Graduatorie scuola\",\"InCattedra\"],\"inLanguage\":\"it-IT\",\"potentialAction\":[{\"@type\":\"CommentAction\",\"name\":\"Comment\",\"target\":[\"https:\/\/www.docenti.it\/blog\/riapertura-graduatorie-scuola-scopri-in-quale-provincia-puoi-posizionarti-al-meglio\/#respond\"]}]},{\"@type\":\"WebPage\",\"@id\":\"https:\/\/www.docenti.it\/blog\/riapertura-graduatorie-scuola-scopri-in-quale-provincia-puoi-posizionarti-al-meglio\/\",\"url\":\"https:\/\/www.docenti.it\/blog\/riapertura-graduatorie-scuola-scopri-in-quale-provincia-puoi-posizionarti-al-meglio\/\",\"name\":\"Riapertura graduatorie scuola: scopri in quale provincia puoi posizionarti al meglio\",\"isPartOf\":{\"@id\":\"https:\/\/www.docenti.it\/blog\/#website\"},\"datePublished\":\"2021-10-06T07:00:00+00:00\",\"dateModified\":\"2022-05-27T16:10:17+00:00\",\"description\":\"Per l'estate 2022 \u00e8 prevista la riapertura graduatorie scuola che consentir\u00e0 ai docenti non ancora inseriti di potervi accedere.\",\"breadcrumb\":{\"@id\":\"https:\/\/www.docenti.it\/blog\/riapertura-graduatorie-scuola-scopri-in-quale-provincia-puoi-posizionarti-al-meglio\/#breadcrumb\"},\"inLanguage\":\"it-IT\",\"potentialAction\":[{\"@type\":\"ReadAction\",\"target\":[\"https:\/\/www.docenti.it\/blog\/riapertura-graduatorie-scuola-scopri-in-quale-provincia-puoi-posizionarti-al-meglio\/\"]}]},{\"@type\":\"BreadcrumbList\",\"@id\":\"https:\/\/www.docenti.it\/blog\/riapertura-graduatorie-scuola-scopri-in-quale-provincia-puoi-posizionarti-al-meglio\/#breadcrumb\",\"itemListElement\":[{\"@type\":\"ListItem\",\"position\":1,\"name\":\"Home\",\"item\":\"https:\/\/www.docenti.it\/blog\/\"},{\"@type\":\"ListItem\",\"position\":2,\"name\":\"Riapertura graduatorie scuola: scopri in quale provincia puoi posizionarti al meglio\"}]},{\"@type\":\"WebSite\",\"@id\":\"https:\/\/www.docenti.it\/blog\/#website\",\"url\":\"https:\/\/www.docenti.it\/blog\/\",\"name\":\"Blog | Docenti.it\",\"description\":\"Tutte le notizie e gli aggiornamenti dal mondo della scuola\",\"publisher\":{\"@id\":\"https:\/\/www.docenti.it\/blog\/#organization\"},\"potentialAction\":[{\"@type\":\"SearchAction\",\"target\":{\"@type\":\"EntryPoint\",\"urlTemplate\":\"https:\/\/www.docenti.it\/blog\/?s={search_term_string}\"},\"query-input\":\"required name=search_term_string\"}],\"inLanguage\":\"it-IT\"},{\"@type\":\"Organization\",\"@id\":\"https:\/\/www.docenti.it\/blog\/#organization\",\"name\":\"Blog | Docenti.it\",\"url\":\"https:\/\/www.docenti.it\/blog\/\",\"logo\":{\"@type\":\"ImageObject\",\"inLanguage\":\"it-IT\",\"@id\":\"https:\/\/www.docenti.it\/blog\/#\/schema\/logo\/image\/\",\"url\":\"https:\/\/www.docenti.it\/blog\/wp-content\/uploads\/2025\/06\/fb_mad_img.png\",\"contentUrl\":\"https:\/\/www.docenti.it\/blog\/wp-content\/uploads\/2025\/06\/fb_mad_img.png\",\"width\":1140,\"height\":620,\"caption\":\"Blog | Docenti.it\"},\"image\":{\"@id\":\"https:\/\/www.docenti.it\/blog\/#\/schema\/logo\/image\/\"},\"sameAs\":[\"https:\/\/www.facebook.com\/docenti.it\"]},{\"@type\":\"Person\",\"@id\":\"https:\/\/www.docenti.it\/blog\/#\/schema\/person\/99c2fdaf54e96829fe4ed44da8233688\",\"name\":\"Martina Vaggi\",\"image\":{\"@type\":\"ImageObject\",\"inLanguage\":\"it-IT\",\"@id\":\"https:\/\/www.docenti.it\/blog\/#\/schema\/person\/image\/\",\"url\":\"https:\/\/secure.gravatar.com\/avatar\/14a13197979873d693ad915d249e3f54?s=96&d=mm&r=g\",\"contentUrl\":\"https:\/\/secure.gravatar.com\/avatar\/14a13197979873d693ad915d249e3f54?s=96&d=mm&r=g\",\"caption\":\"Martina Vaggi\"},\"description\":\"Classe 1991, copywriter e scrittrice. Nata a Sale, un paesino in provincia di Alessandria. Scrive dall\u2019et\u00e0 di 10 anni. Nel 2015 si laurea in Lettere Moderne presso l\u2019universit\u00e0 di Pavia. Nel 2020 pubblica il suo primo libro \\\"Il diario del silenzio - Storie reali di quarantena\\\" che descrive il processo di cambiamento della vita di 40 persone ai tempi del Covid. Nel 2022 si trasferisce a San Marino per lavorare come copywriter per Docenti.it\",\"sameAs\":[\"https:\/\/pensierisurrealidigentecomune.com\/\",\"https:\/\/www.facebook.com\/profile.php?id=1555867670\",\"https:\/\/www.instagram.com\/martiggi91\/\",\"https:\/\/it.linkedin.com\/in\/martina-vaggi\",\"https:\/\/www.youtube.com\/results?search_query=martina+vaggi\"],\"url\":\"https:\/\/www.docenti.it\/blog\/author\/martina-vaggi\/\"}]}<\/script>\n<!-- \/ Yoast SEO plugin. -->","yoast_head_json":{"title":"Riapertura graduatorie scuola: scopri in quale provincia puoi posizionarti al meglio","description":"Per l'estate 2022 \u00e8 prevista la riapertura graduatorie scuola che consentir\u00e0 ai docenti non ancora inseriti di potervi accedere.","robots":{"index":"index","follow":"follow","max-snippet":"max-snippet:-1","max-image-preview":"max-image-preview:large","max-video-preview":"max-video-preview:-1"},"canonical":"https:\/\/www.docenti.it\/blog\/riapertura-graduatorie-scuola-scopri-in-quale-provincia-puoi-posizionarti-al-meglio\/","og_locale":"it_IT","og_type":"article","og_title":"Riapertura graduatorie scuola: scopri in quale provincia puoi posizionarti al meglio","og_description":"Per l'estate 2022 \u00e8 prevista la riapertura graduatorie scuola che consentir\u00e0 ai docenti non ancora inseriti di potervi accedere.","og_url":"https:\/\/www.docenti.it\/blog\/riapertura-graduatorie-scuola-scopri-in-quale-provincia-puoi-posizionarti-al-meglio\/","og_site_name":"Blog | Docenti.it","article_publisher":"https:\/\/www.facebook.com\/docenti.it","article_author":"https:\/\/www.facebook.com\/profile.php?id=1555867670","article_published_time":"2021-10-06T07:00:00+00:00","article_modified_time":"2022-05-27T16:10:17+00:00","og_image":[{"width":640,"height":427,"url":"https:\/\/www.docenti.it\/blog\/wp-content\/uploads\/2021\/10\/pexels-olia-danilevich-5088021.jpg","type":"image\/jpeg"}],"author":"Martina Vaggi","twitter_card":"summary_large_image","twitter_misc":{"Written by":"Martina Vaggi","Est. reading time":"3 minuti"},"schema":{"@context":"https:\/\/schema.org","@graph":[{"@type":"Article","@id":"https:\/\/www.docenti.it\/blog\/riapertura-graduatorie-scuola-scopri-in-quale-provincia-puoi-posizionarti-al-meglio\/#article","isPartOf":{"@id":"https:\/\/www.docenti.it\/blog\/riapertura-graduatorie-scuola-scopri-in-quale-provincia-puoi-posizionarti-al-meglio\/"},"author":{"name":"Martina Vaggi","@id":"https:\/\/www.docenti.it\/blog\/#\/schema\/person\/99c2fdaf54e96829fe4ed44da8233688"},"headline":"Riapertura graduatorie scuola: scopri in quale provincia puoi posizionarti al meglio","datePublished":"2021-10-06T07:00:00+00:00","dateModified":"2022-05-27T16:10:17+00:00","mainEntityOfPage":{"@id":"https:\/\/www.docenti.it\/blog\/riapertura-graduatorie-scuola-scopri-in-quale-provincia-puoi-posizionarti-al-meglio\/"},"wordCount":486,"commentCount":0,"publisher":{"@id":"https:\/\/www.docenti.it\/blog\/#organization"},"articleSection":["Graduatorie scuola","InCattedra"],"inLanguage":"it-IT","potentialAction":[{"@type":"CommentAction","name":"Comment","target":["https:\/\/www.docenti.it\/blog\/riapertura-graduatorie-scuola-scopri-in-quale-provincia-puoi-posizionarti-al-meglio\/#respond"]}]},{"@type":"WebPage","@id":"https:\/\/www.docenti.it\/blog\/riapertura-graduatorie-scuola-scopri-in-quale-provincia-puoi-posizionarti-al-meglio\/","url":"https:\/\/www.docenti.it\/blog\/riapertura-graduatorie-scuola-scopri-in-quale-provincia-puoi-posizionarti-al-meglio\/","name":"Riapertura graduatorie scuola: scopri in quale provincia puoi posizionarti al meglio","isPartOf":{"@id":"https:\/\/www.docenti.it\/blog\/#website"},"datePublished":"2021-10-06T07:00:00+00:00","dateModified":"2022-05-27T16:10:17+00:00","description":"Per l'estate 2022 \u00e8 prevista la riapertura graduatorie scuola che consentir\u00e0 ai docenti non ancora inseriti di potervi accedere.","breadcrumb":{"@id":"https:\/\/www.docenti.it\/blog\/riapertura-graduatorie-scuola-scopri-in-quale-provincia-puoi-posizionarti-al-meglio\/#breadcrumb"},"inLanguage":"it-IT","potentialAction":[{"@type":"ReadAction","target":["https:\/\/www.docenti.it\/blog\/riapertura-graduatorie-scuola-scopri-in-quale-provincia-puoi-posizionarti-al-meglio\/"]}]},{"@type":"BreadcrumbList","@id":"https:\/\/www.docenti.it\/blog\/riapertura-graduatorie-scuola-scopri-in-quale-provincia-puoi-posizionarti-al-meglio\/#breadcrumb","itemListElement":[{"@type":"ListItem","position":1,"name":"Home","item":"https:\/\/www.docenti.it\/blog\/"},{"@type":"ListItem","position":2,"name":"Riapertura graduatorie scuola: scopri in quale provincia puoi posizionarti al meglio"}]},{"@type":"WebSite","@id":"https:\/\/www.docenti.it\/blog\/#website","url":"https:\/\/www.docenti.it\/blog\/","name":"Blog | Docenti.it","description":"Tutte le notizie e gli aggiornamenti dal mondo della scuola","publisher":{"@id":"https:\/\/www.docenti.it\/blog\/#organization"},"potentialAction":[{"@type":"SearchAction","target":{"@type":"EntryPoint","urlTemplate":"https:\/\/www.docenti.it\/blog\/?s={search_term_string}"},"query-input":"required name=search_term_string"}],"inLanguage":"it-IT"},{"@type":"Organization","@id":"https:\/\/www.docenti.it\/blog\/#organization","name":"Blog | Docenti.it","url":"https:\/\/www.docenti.it\/blog\/","logo":{"@type":"ImageObject","inLanguage":"it-IT","@id":"https:\/\/www.docenti.it\/blog\/#\/schema\/logo\/image\/","url":"https:\/\/www.docenti.it\/blog\/wp-content\/uploads\/2025\/06\/fb_mad_img.png","contentUrl":"https:\/\/www.docenti.it\/blog\/wp-content\/uploads\/2025\/06\/fb_mad_img.png","width":1140,"height":620,"caption":"Blog | Docenti.it"},"image":{"@id":"https:\/\/www.docenti.it\/blog\/#\/schema\/logo\/image\/"},"sameAs":["https:\/\/www.facebook.com\/docenti.it"]},{"@type":"Person","@id":"https:\/\/www.docenti.it\/blog\/#\/schema\/person\/99c2fdaf54e96829fe4ed44da8233688","name":"Martina Vaggi","image":{"@type":"ImageObject","inLanguage":"it-IT","@id":"https:\/\/www.docenti.it\/blog\/#\/schema\/person\/image\/","url":"https:\/\/secure.gravatar.com\/avatar\/14a13197979873d693ad915d249e3f54?s=96&d=mm&r=g","contentUrl":"https:\/\/secure.gravatar.com\/avatar\/14a13197979873d693ad915d249e3f54?s=96&d=mm&r=g","caption":"Martina Vaggi"},"description":"Classe 1991, copywriter e scrittrice. Nata a Sale, un paesino in provincia di Alessandria. Scrive dall\u2019et\u00e0 di 10 anni. Nel 2015 si laurea in Lettere Moderne presso l\u2019universit\u00e0 di Pavia. Nel 2020 pubblica il suo primo libro \"Il diario del silenzio - Storie reali di quarantena\" che descrive il processo di cambiamento della vita di 40 persone ai tempi del Covid. Nel 2022 si trasferisce a San Marino per lavorare come copywriter per Docenti.it","sameAs":["https:\/\/pensierisurrealidigentecomune.com\/","https:\/\/www.facebook.com\/profile.php?id=1555867670","https:\/\/www.instagram.com\/martiggi91\/","https:\/\/it.linkedin.com\/in\/martina-vaggi","https:\/\/www.youtube.com\/results?search_query=martina+vaggi"],"url":"https:\/\/www.docenti.it\/blog\/author\/martina-vaggi\/"}]}},"_links":{"self":[{"href":"https:\/\/www.docenti.it\/blog\/wp-json\/wp\/v2\/posts\/6656"}],"collection":[{"href":"https:\/\/www.docenti.it\/blog\/wp-json\/wp\/v2\/posts"}],"about":[{"href":"https:\/\/www.docenti.it\/blog\/wp-json\/wp\/v2\/types\/post"}],"author":[{"embeddable":true,"href":"https:\/\/www.docenti.it\/blog\/wp-json\/wp\/v2\/users\/21"}],"replies":[{"embeddable":true,"href":"https:\/\/www.docenti.it\/blog\/wp-json\/wp\/v2\/comments?post=6656"}],"version-history":[{"count":24,"href":"https:\/\/www.docenti.it\/blog\/wp-json\/wp\/v2\/posts\/6656\/revisions"}],"predecessor-version":[{"id":12350,"href":"https:\/\/www.docenti.it\/blog\/wp-json\/wp\/v2\/posts\/6656\/revisions\/12350"}],"wp:featuredmedia":[{"embeddable":true,"href":"https:\/\/www.docenti.it\/blog\/wp-json\/wp\/v2\/media\/25396"}],"wp:attachment":[{"href":"https:\/\/www.docenti.it\/blog\/wp-json\/wp\/v2\/media?parent=6656"}],"wp:term":[{"taxonomy":"category","embeddable":true,"href":"https:\/\/www.docenti.it\/blog\/wp-json\/wp\/v2\/categories?post=6656"},{"taxonomy":"post_tag","embeddable":true,"href":"https:\/\/www.docenti.it\/blog\/wp-json\/wp\/v2\/tags?post=6656"}],"curies":[{"name":"wp","href":"https:\/\/api.w.org\/{rel}","templated":true}]}}