{"id":6904,"date":"2021-10-13T07:30:00","date_gmt":"2021-10-13T05:30:00","guid":{"rendered":"https:\/\/www.docenti.it\/blog\/?p=6904"},"modified":"2022-05-27T18:06:24","modified_gmt":"2022-05-27T16:06:24","slug":"vuoi-scoprire-la-tua-posizione-in-graduatorie-provinciale-incattedra","status":"publish","type":"post","link":"https:\/\/www.docenti.it\/blog\/vuoi-scoprire-la-tua-posizione-in-graduatorie-provinciale-incattedra\/","title":{"rendered":"Vuoi scoprire la tua posizione in graduatorie provinciale?"},"content":{"rendered":"\n<p>Se ci fosse un modo per scoprire quale potrebbe essere la tua esatta posizione in <strong>graduatorie provinciale<\/strong> vorresti saperlo?<\/p>\n\n\n\n<p>In questo modo, potresti valutare in quale provincia posizionarti al meglio per il prossimo aggiornamento graduatorie.<\/p>\n\n\n\n<p>Pensi che potrebbe esserti utile?<\/p>\n\n\n\n<p>Continua a leggere l&#8217;articolo. <\/p>\n\n\n\n<!--more-->\n\n\n\n<h2>Aggiornamento graduatorie per supplenze: in quale provincia inserirsi?<\/h2>\n\n\n\n<p>Probabilmente ti sei gi\u00e0 inserito in graduatoria, oppure <strong>stai aspettando che le graduatorie riaprano<\/strong>, come molti docenti. <br>Il che si verificher\u00e0 nell&#8217;estate 2022. <\/p>\n\n\n\n<p>Forse non hai intenzione di spostarti dalla provincia nella quale vivi per diversi motivi.<\/p>\n\n\n\n<p><em>Ma se nella provincia in cui vivi il tuo punteggio graduatoria fosse molto basso?<\/em><br><br>Non pensi che varrebbe la pena sapere con esattezza <strong>quale punteggio potresti avere in un&#8217;altra provincia<\/strong>, e riuscire cos\u00ec ad ottenere subito un incarico di supplenza, senza dover aspettare anni?<\/p>\n\n\n\n<p>Ora ti dico questo.<\/p>\n\n\n\n<p><strong>Ci sono sicuramente province dove potresti posizionarti meglio e scalare le graduatorie con pi\u00f9 facilit\u00e0. <\/strong><\/p>\n\n\n\n<p>Noi lo sappiamo.<br>E sai perch\u00e9?<\/p>\n\n\n\n<p>Perch\u00e9 abbiamo ideato un servizio che ti consente di sapere con esattezza <strong>in quale provincia puoi ottenere un punteggio pi\u00f9 alto e quali sono i passi che dovresti seguire per conseguirlo<\/strong>.<\/p>\n\n\n\n<p>Il che, se ci pensi bene, non \u00e8 cosa da poco. <\/p>\n\n\n<p>[maxbutton id=&#8221;1&#8243; url=&#8221;https:\/\/docenti.it\/in-cattedra\/richiesta.html?lnk=104&#8243; text=&#8221;Scopri InCattedra&#8221; ]<\/p>\n\n\n\n<p><\/p>\n\n\n\n<h3>Come aumentare il tuo punteggio in graduatoria<\/h3>\n\n\n\n<p>Il servizio in questione di cui ti parlo ora si chiama <strong><a href=\"https:\/\/www.docenti.it\/in-cattedra.html\" target=\"_blank\" rel=\"noreferrer noopener\">InCattedra<\/a><\/strong>.<br>\u00c8 un servizio innovativo, che <strong>ti consente di verificare quali passi devi seguire per poter aumentare il tuo punteggio e scalare cos\u00ec le graduatorie<\/strong>. <\/p>\n\n\n\n<p>Dal momento che la prossima riapertura graduatorie \u00e8 imminente, \u00e8 meglio prepararsi al meglio per poter massimizzare le proprie possibilit\u00e0 di ottenere incarichi di supplenza. <\/p>\n\n\n\n<p>Per questo, noi di <strong>Docenti.it<\/strong> abbiamo ideato un servizio per consentirti di arrivare preparato al prossimo aggiornamento graduatorie.<\/p>\n\n\n\n<p><strong>InCattedra<\/strong>, infatti, rappresenta un percorso che tu potrai fare, accompagnato dai nostri consulenti.<br>Un percorso dove il consulente ti dedicher\u00e0 un\u2019ora di chiamata, indagando il tuo percorso di studi, i tuoi titoli e il tuo curriculum come docente.<\/p>\n\n\n\n<p>Dopo quest&#8217;ora di consulenza, ti verr\u00e0 chiesto di indicare&nbsp;<strong>sei province nelle quali vorresti candidarti&nbsp;<\/strong>per insegnare.<\/p>\n\n\n\n<p>Di queste cinque province il consulente sapr\u00e0 dirti qual\u2019\u00e8 la migliore per te.<br>Ovvero, in quale di queste potrai ottenere un punteggio molto alto se seguirai i consigli del nostro consulente.<\/p>\n\n\n\n<p><em>Ma in che modo noi possiamo darti questa informazione precisa?<\/em><\/p>\n\n\n\n<p>Grazie ai nostri informatici abbiamo ideato <strong>YourPlace<\/strong>, un software che ci consente di visualizzare qual \u00e8 il tuo punteggio attuale in 5 province da te scelte e quale sar\u00e0 il punteggio che avrai se deciderai di seguire il percorso&nbsp;<strong>InCattedra&nbsp;<\/strong>con noi.<\/p>\n\n\n\n<p>A questo punto, non mi resta da dirti che&#8230;<\/p>\n\n\n\n<p>Le graduatorie riapriranno nell&#8217;estate 2022. <br>Non abbiamo ancora una data precisa a riguardo, ma non \u00e8 questo il punto.<\/p>\n\n\n\n<p>Il punto \u00e8:<\/p>\n\n\n\n<p class=\"has-text-align-center\"><strong>vuoi davvero rischiare di inserirti in graduatoria con un punteggio inferiore rispetto a quello che potresti avere?<\/strong><\/p>\n\n\n<p>[maxbutton id=&#8221;1&#8243; url=&#8221;https:\/\/docenti.it\/in-cattedra\/richiesta.html?lnk=104&#8243; text=&#8221;Scopri InCattedra&#8221; ]<\/p>\n\n\n\n<p><\/p>\n\n\n\n<p>Approfondisci l&#8217;argomento:<\/p>\n\n\n\n<ul><li><a href=\"https:\/\/www.docenti.it\/blog\/riapertura-graduatorie-scuola-scopri-in-quale-provincia-puoi-posizionarti-al-meglio\/\" target=\"_blank\" rel=\"noreferrer noopener\">Riapertura graduatorie scuola: scopri in quale provincia puoi posizionarti al meglio.<\/a><\/li><li><a href=\"https:\/\/www.docenti.it\/blog\/come-posizionarti-al-meglio-per-la-prossima-riapertura-graduatorie-provinciale\/\" target=\"_blank\" rel=\"noreferrer noopener\">Come posizionarti al meglio per la prossima riapertura graduatorie provinciale. <\/a><\/li><li><a href=\"https:\/\/www.docenti.it\/blog\/messa-a-disposizione-ultime-notizie-perche-inviare-la-mad-ora\/\" target=\"_blank\" rel=\"noreferrer noopener\">Messa a Disposizione ultime notizie: perch\u00e9 inviare la MAD ora. <\/a><\/li><\/ul>\n\n\n\n<p>Photo credit: <a href=\"https:\/\/pixabay.com\/\" target=\"_blank\" rel=\"noreferrer noopener\">Pixabay<\/a>. <\/p>\n","protected":false},"excerpt":{"rendered":"<p>Se ci fosse un modo per scoprire quale potrebbe essere la tua esatta posizione [&hellip;]<\/p>\n","protected":false},"author":21,"featured_media":6907,"comment_status":"open","ping_status":"open","sticky":false,"template":"","format":"standard","meta":[],"categories":[5,233],"tags":[],"yoast_head":"<!-- This site is optimized with the Yoast SEO plugin v20.4 - https:\/\/yoast.com\/wordpress\/plugins\/seo\/ -->\n<title>Vuoi scoprire la tua posizione in graduatorie provinciale?<\/title>\n<meta name=\"description\" content=\"Se ci fosse un modo per scoprire quale potrebbe essere la tua esatta posizione in diverse graduatorie provinciale vorresti saperlo?\" \/>\n<meta name=\"robots\" content=\"index, follow, max-snippet:-1, max-image-preview:large, max-video-preview:-1\" \/>\n<link rel=\"canonical\" href=\"https:\/\/www.docenti.it\/blog\/vuoi-scoprire-la-tua-posizione-in-graduatorie-provinciale-incattedra\/\" \/>\n<meta property=\"og:locale\" content=\"it_IT\" \/>\n<meta property=\"og:type\" content=\"article\" \/>\n<meta property=\"og:title\" content=\"Vuoi scoprire la tua posizione in graduatorie provinciale?\" \/>\n<meta property=\"og:description\" content=\"Se ci fosse un modo per scoprire quale potrebbe essere la tua esatta posizione in diverse graduatorie provinciale vorresti saperlo?\" \/>\n<meta property=\"og:url\" content=\"https:\/\/www.docenti.it\/blog\/vuoi-scoprire-la-tua-posizione-in-graduatorie-provinciale-incattedra\/\" \/>\n<meta property=\"og:site_name\" content=\"Blog | Docenti.it\" \/>\n<meta property=\"article:publisher\" content=\"https:\/\/www.facebook.com\/docenti.it\" \/>\n<meta property=\"article:author\" content=\"https:\/\/www.facebook.com\/profile.php?id=1555867670\" \/>\n<meta property=\"article:published_time\" content=\"2021-10-13T05:30:00+00:00\" \/>\n<meta property=\"article:modified_time\" content=\"2022-05-27T16:06:24+00:00\" \/>\n<meta property=\"og:image\" content=\"https:\/\/www.docenti.it\/blog\/wp-content\/uploads\/2021\/10\/gui-g45a679864_640.png\" \/>\n\t<meta property=\"og:image:width\" content=\"640\" \/>\n\t<meta property=\"og:image:height\" content=\"492\" \/>\n\t<meta property=\"og:image:type\" content=\"image\/png\" \/>\n<meta name=\"author\" content=\"Martina Vaggi\" \/>\n<meta name=\"twitter:card\" content=\"summary_large_image\" \/>\n<meta name=\"twitter:label1\" content=\"Written by\" \/>\n\t<meta name=\"twitter:data1\" content=\"Martina Vaggi\" \/>\n\t<meta name=\"twitter:label2\" content=\"Est. reading time\" \/>\n\t<meta name=\"twitter:data2\" content=\"3 minuti\" \/>\n<script type=\"application\/ld+json\" class=\"yoast-schema-graph\">{\"@context\":\"https:\/\/schema.org\",\"@graph\":[{\"@type\":\"Article\",\"@id\":\"https:\/\/www.docenti.it\/blog\/vuoi-scoprire-la-tua-posizione-in-graduatorie-provinciale-incattedra\/#article\",\"isPartOf\":{\"@id\":\"https:\/\/www.docenti.it\/blog\/vuoi-scoprire-la-tua-posizione-in-graduatorie-provinciale-incattedra\/\"},\"author\":{\"name\":\"Martina Vaggi\",\"@id\":\"https:\/\/www.docenti.it\/blog\/#\/schema\/person\/99c2fdaf54e96829fe4ed44da8233688\"},\"headline\":\"Vuoi scoprire la tua posizione in graduatorie provinciale?\",\"datePublished\":\"2021-10-13T05:30:00+00:00\",\"dateModified\":\"2022-05-27T16:06:24+00:00\",\"mainEntityOfPage\":{\"@id\":\"https:\/\/www.docenti.it\/blog\/vuoi-scoprire-la-tua-posizione-in-graduatorie-provinciale-incattedra\/\"},\"wordCount\":538,\"commentCount\":0,\"publisher\":{\"@id\":\"https:\/\/www.docenti.it\/blog\/#organization\"},\"articleSection\":[\"Graduatorie scuola\",\"InCattedra\"],\"inLanguage\":\"it-IT\",\"potentialAction\":[{\"@type\":\"CommentAction\",\"name\":\"Comment\",\"target\":[\"https:\/\/www.docenti.it\/blog\/vuoi-scoprire-la-tua-posizione-in-graduatorie-provinciale-incattedra\/#respond\"]}]},{\"@type\":\"WebPage\",\"@id\":\"https:\/\/www.docenti.it\/blog\/vuoi-scoprire-la-tua-posizione-in-graduatorie-provinciale-incattedra\/\",\"url\":\"https:\/\/www.docenti.it\/blog\/vuoi-scoprire-la-tua-posizione-in-graduatorie-provinciale-incattedra\/\",\"name\":\"Vuoi scoprire la tua posizione in graduatorie provinciale?\",\"isPartOf\":{\"@id\":\"https:\/\/www.docenti.it\/blog\/#website\"},\"datePublished\":\"2021-10-13T05:30:00+00:00\",\"dateModified\":\"2022-05-27T16:06:24+00:00\",\"description\":\"Se ci fosse un modo per scoprire quale potrebbe essere la tua esatta posizione in diverse graduatorie provinciale vorresti saperlo?\",\"breadcrumb\":{\"@id\":\"https:\/\/www.docenti.it\/blog\/vuoi-scoprire-la-tua-posizione-in-graduatorie-provinciale-incattedra\/#breadcrumb\"},\"inLanguage\":\"it-IT\",\"potentialAction\":[{\"@type\":\"ReadAction\",\"target\":[\"https:\/\/www.docenti.it\/blog\/vuoi-scoprire-la-tua-posizione-in-graduatorie-provinciale-incattedra\/\"]}]},{\"@type\":\"BreadcrumbList\",\"@id\":\"https:\/\/www.docenti.it\/blog\/vuoi-scoprire-la-tua-posizione-in-graduatorie-provinciale-incattedra\/#breadcrumb\",\"itemListElement\":[{\"@type\":\"ListItem\",\"position\":1,\"name\":\"Home\",\"item\":\"https:\/\/www.docenti.it\/blog\/\"},{\"@type\":\"ListItem\",\"position\":2,\"name\":\"Vuoi scoprire la tua posizione in graduatorie provinciale?\"}]},{\"@type\":\"WebSite\",\"@id\":\"https:\/\/www.docenti.it\/blog\/#website\",\"url\":\"https:\/\/www.docenti.it\/blog\/\",\"name\":\"Blog | Docenti.it\",\"description\":\"Tutte le notizie e gli aggiornamenti dal mondo della scuola\",\"publisher\":{\"@id\":\"https:\/\/www.docenti.it\/blog\/#organization\"},\"potentialAction\":[{\"@type\":\"SearchAction\",\"target\":{\"@type\":\"EntryPoint\",\"urlTemplate\":\"https:\/\/www.docenti.it\/blog\/?s={search_term_string}\"},\"query-input\":\"required name=search_term_string\"}],\"inLanguage\":\"it-IT\"},{\"@type\":\"Organization\",\"@id\":\"https:\/\/www.docenti.it\/blog\/#organization\",\"name\":\"Blog | Docenti.it\",\"url\":\"https:\/\/www.docenti.it\/blog\/\",\"logo\":{\"@type\":\"ImageObject\",\"inLanguage\":\"it-IT\",\"@id\":\"https:\/\/www.docenti.it\/blog\/#\/schema\/logo\/image\/\",\"url\":\"https:\/\/www.docenti.it\/blog\/wp-content\/uploads\/2025\/06\/fb_mad_img.png\",\"contentUrl\":\"https:\/\/www.docenti.it\/blog\/wp-content\/uploads\/2025\/06\/fb_mad_img.png\",\"width\":1140,\"height\":620,\"caption\":\"Blog | Docenti.it\"},\"image\":{\"@id\":\"https:\/\/www.docenti.it\/blog\/#\/schema\/logo\/image\/\"},\"sameAs\":[\"https:\/\/www.facebook.com\/docenti.it\"]},{\"@type\":\"Person\",\"@id\":\"https:\/\/www.docenti.it\/blog\/#\/schema\/person\/99c2fdaf54e96829fe4ed44da8233688\",\"name\":\"Martina Vaggi\",\"image\":{\"@type\":\"ImageObject\",\"inLanguage\":\"it-IT\",\"@id\":\"https:\/\/www.docenti.it\/blog\/#\/schema\/person\/image\/\",\"url\":\"https:\/\/secure.gravatar.com\/avatar\/14a13197979873d693ad915d249e3f54?s=96&d=mm&r=g\",\"contentUrl\":\"https:\/\/secure.gravatar.com\/avatar\/14a13197979873d693ad915d249e3f54?s=96&d=mm&r=g\",\"caption\":\"Martina Vaggi\"},\"description\":\"Classe 1991, copywriter e scrittrice. Nata a Sale, un paesino in provincia di Alessandria. Scrive dall\u2019et\u00e0 di 10 anni. Nel 2015 si laurea in Lettere Moderne presso l\u2019universit\u00e0 di Pavia. Nel 2020 pubblica il suo primo libro \\\"Il diario del silenzio - Storie reali di quarantena\\\" che descrive il processo di cambiamento della vita di 40 persone ai tempi del Covid. Nel 2022 si trasferisce a San Marino per lavorare come copywriter per Docenti.it\",\"sameAs\":[\"https:\/\/pensierisurrealidigentecomune.com\/\",\"https:\/\/www.facebook.com\/profile.php?id=1555867670\",\"https:\/\/www.instagram.com\/martiggi91\/\",\"https:\/\/it.linkedin.com\/in\/martina-vaggi\",\"https:\/\/www.youtube.com\/results?search_query=martina+vaggi\"],\"url\":\"https:\/\/www.docenti.it\/blog\/author\/martina-vaggi\/\"}]}<\/script>\n<!-- \/ Yoast SEO plugin. -->","yoast_head_json":{"title":"Vuoi scoprire la tua posizione in graduatorie provinciale?","description":"Se ci fosse un modo per scoprire quale potrebbe essere la tua esatta posizione in diverse graduatorie provinciale vorresti saperlo?","robots":{"index":"index","follow":"follow","max-snippet":"max-snippet:-1","max-image-preview":"max-image-preview:large","max-video-preview":"max-video-preview:-1"},"canonical":"https:\/\/www.docenti.it\/blog\/vuoi-scoprire-la-tua-posizione-in-graduatorie-provinciale-incattedra\/","og_locale":"it_IT","og_type":"article","og_title":"Vuoi scoprire la tua posizione in graduatorie provinciale?","og_description":"Se ci fosse un modo per scoprire quale potrebbe essere la tua esatta posizione in diverse graduatorie provinciale vorresti saperlo?","og_url":"https:\/\/www.docenti.it\/blog\/vuoi-scoprire-la-tua-posizione-in-graduatorie-provinciale-incattedra\/","og_site_name":"Blog | Docenti.it","article_publisher":"https:\/\/www.facebook.com\/docenti.it","article_author":"https:\/\/www.facebook.com\/profile.php?id=1555867670","article_published_time":"2021-10-13T05:30:00+00:00","article_modified_time":"2022-05-27T16:06:24+00:00","og_image":[{"width":640,"height":492,"url":"https:\/\/www.docenti.it\/blog\/wp-content\/uploads\/2021\/10\/gui-g45a679864_640.png","type":"image\/png"}],"author":"Martina Vaggi","twitter_card":"summary_large_image","twitter_misc":{"Written by":"Martina Vaggi","Est. reading time":"3 minuti"},"schema":{"@context":"https:\/\/schema.org","@graph":[{"@type":"Article","@id":"https:\/\/www.docenti.it\/blog\/vuoi-scoprire-la-tua-posizione-in-graduatorie-provinciale-incattedra\/#article","isPartOf":{"@id":"https:\/\/www.docenti.it\/blog\/vuoi-scoprire-la-tua-posizione-in-graduatorie-provinciale-incattedra\/"},"author":{"name":"Martina Vaggi","@id":"https:\/\/www.docenti.it\/blog\/#\/schema\/person\/99c2fdaf54e96829fe4ed44da8233688"},"headline":"Vuoi scoprire la tua posizione in graduatorie provinciale?","datePublished":"2021-10-13T05:30:00+00:00","dateModified":"2022-05-27T16:06:24+00:00","mainEntityOfPage":{"@id":"https:\/\/www.docenti.it\/blog\/vuoi-scoprire-la-tua-posizione-in-graduatorie-provinciale-incattedra\/"},"wordCount":538,"commentCount":0,"publisher":{"@id":"https:\/\/www.docenti.it\/blog\/#organization"},"articleSection":["Graduatorie scuola","InCattedra"],"inLanguage":"it-IT","potentialAction":[{"@type":"CommentAction","name":"Comment","target":["https:\/\/www.docenti.it\/blog\/vuoi-scoprire-la-tua-posizione-in-graduatorie-provinciale-incattedra\/#respond"]}]},{"@type":"WebPage","@id":"https:\/\/www.docenti.it\/blog\/vuoi-scoprire-la-tua-posizione-in-graduatorie-provinciale-incattedra\/","url":"https:\/\/www.docenti.it\/blog\/vuoi-scoprire-la-tua-posizione-in-graduatorie-provinciale-incattedra\/","name":"Vuoi scoprire la tua posizione in graduatorie provinciale?","isPartOf":{"@id":"https:\/\/www.docenti.it\/blog\/#website"},"datePublished":"2021-10-13T05:30:00+00:00","dateModified":"2022-05-27T16:06:24+00:00","description":"Se ci fosse un modo per scoprire quale potrebbe essere la tua esatta posizione in diverse graduatorie provinciale vorresti saperlo?","breadcrumb":{"@id":"https:\/\/www.docenti.it\/blog\/vuoi-scoprire-la-tua-posizione-in-graduatorie-provinciale-incattedra\/#breadcrumb"},"inLanguage":"it-IT","potentialAction":[{"@type":"ReadAction","target":["https:\/\/www.docenti.it\/blog\/vuoi-scoprire-la-tua-posizione-in-graduatorie-provinciale-incattedra\/"]}]},{"@type":"BreadcrumbList","@id":"https:\/\/www.docenti.it\/blog\/vuoi-scoprire-la-tua-posizione-in-graduatorie-provinciale-incattedra\/#breadcrumb","itemListElement":[{"@type":"ListItem","position":1,"name":"Home","item":"https:\/\/www.docenti.it\/blog\/"},{"@type":"ListItem","position":2,"name":"Vuoi scoprire la tua posizione in graduatorie provinciale?"}]},{"@type":"WebSite","@id":"https:\/\/www.docenti.it\/blog\/#website","url":"https:\/\/www.docenti.it\/blog\/","name":"Blog | Docenti.it","description":"Tutte le notizie e gli aggiornamenti dal mondo della scuola","publisher":{"@id":"https:\/\/www.docenti.it\/blog\/#organization"},"potentialAction":[{"@type":"SearchAction","target":{"@type":"EntryPoint","urlTemplate":"https:\/\/www.docenti.it\/blog\/?s={search_term_string}"},"query-input":"required name=search_term_string"}],"inLanguage":"it-IT"},{"@type":"Organization","@id":"https:\/\/www.docenti.it\/blog\/#organization","name":"Blog | Docenti.it","url":"https:\/\/www.docenti.it\/blog\/","logo":{"@type":"ImageObject","inLanguage":"it-IT","@id":"https:\/\/www.docenti.it\/blog\/#\/schema\/logo\/image\/","url":"https:\/\/www.docenti.it\/blog\/wp-content\/uploads\/2025\/06\/fb_mad_img.png","contentUrl":"https:\/\/www.docenti.it\/blog\/wp-content\/uploads\/2025\/06\/fb_mad_img.png","width":1140,"height":620,"caption":"Blog | Docenti.it"},"image":{"@id":"https:\/\/www.docenti.it\/blog\/#\/schema\/logo\/image\/"},"sameAs":["https:\/\/www.facebook.com\/docenti.it"]},{"@type":"Person","@id":"https:\/\/www.docenti.it\/blog\/#\/schema\/person\/99c2fdaf54e96829fe4ed44da8233688","name":"Martina Vaggi","image":{"@type":"ImageObject","inLanguage":"it-IT","@id":"https:\/\/www.docenti.it\/blog\/#\/schema\/person\/image\/","url":"https:\/\/secure.gravatar.com\/avatar\/14a13197979873d693ad915d249e3f54?s=96&d=mm&r=g","contentUrl":"https:\/\/secure.gravatar.com\/avatar\/14a13197979873d693ad915d249e3f54?s=96&d=mm&r=g","caption":"Martina Vaggi"},"description":"Classe 1991, copywriter e scrittrice. Nata a Sale, un paesino in provincia di Alessandria. Scrive dall\u2019et\u00e0 di 10 anni. Nel 2015 si laurea in Lettere Moderne presso l\u2019universit\u00e0 di Pavia. Nel 2020 pubblica il suo primo libro \"Il diario del silenzio - Storie reali di quarantena\" che descrive il processo di cambiamento della vita di 40 persone ai tempi del Covid. Nel 2022 si trasferisce a San Marino per lavorare come copywriter per Docenti.it","sameAs":["https:\/\/pensierisurrealidigentecomune.com\/","https:\/\/www.facebook.com\/profile.php?id=1555867670","https:\/\/www.instagram.com\/martiggi91\/","https:\/\/it.linkedin.com\/in\/martina-vaggi","https:\/\/www.youtube.com\/results?search_query=martina+vaggi"],"url":"https:\/\/www.docenti.it\/blog\/author\/martina-vaggi\/"}]}},"_links":{"self":[{"href":"https:\/\/www.docenti.it\/blog\/wp-json\/wp\/v2\/posts\/6904"}],"collection":[{"href":"https:\/\/www.docenti.it\/blog\/wp-json\/wp\/v2\/posts"}],"about":[{"href":"https:\/\/www.docenti.it\/blog\/wp-json\/wp\/v2\/types\/post"}],"author":[{"embeddable":true,"href":"https:\/\/www.docenti.it\/blog\/wp-json\/wp\/v2\/users\/21"}],"replies":[{"embeddable":true,"href":"https:\/\/www.docenti.it\/blog\/wp-json\/wp\/v2\/comments?post=6904"}],"version-history":[{"count":29,"href":"https:\/\/www.docenti.it\/blog\/wp-json\/wp\/v2\/posts\/6904\/revisions"}],"predecessor-version":[{"id":12357,"href":"https:\/\/www.docenti.it\/blog\/wp-json\/wp\/v2\/posts\/6904\/revisions\/12357"}],"wp:featuredmedia":[{"embeddable":true,"href":"https:\/\/www.docenti.it\/blog\/wp-json\/wp\/v2\/media\/6907"}],"wp:attachment":[{"href":"https:\/\/www.docenti.it\/blog\/wp-json\/wp\/v2\/media?parent=6904"}],"wp:term":[{"taxonomy":"category","embeddable":true,"href":"https:\/\/www.docenti.it\/blog\/wp-json\/wp\/v2\/categories?post=6904"},{"taxonomy":"post_tag","embeddable":true,"href":"https:\/\/www.docenti.it\/blog\/wp-json\/wp\/v2\/tags?post=6904"}],"curies":[{"name":"wp","href":"https:\/\/api.w.org\/{rel}","templated":true}]}}