{"id":752,"date":"2019-07-03T21:43:37","date_gmt":"2019-07-03T19:43:37","guid":{"rendered":"https:\/\/www.doocenti.com\/blog\/?p=752"},"modified":"2023-10-11T17:32:49","modified_gmt":"2023-10-11T15:32:49","slug":"quando-inviare-la-messa-a-disposizione-i-periodi-migliori","status":"publish","type":"post","link":"https:\/\/www.docenti.it\/blog\/quando-inviare-la-messa-a-disposizione-i-periodi-migliori\/","title":{"rendered":"Quando inviare la Messa a Disposizione: i periodi migliori"},"content":{"rendered":"\n<p><span class=\"s1\">La domanda di<a href=\"https:\/\/www.docenti.it\/mad.html\" target=\"_blank\" rel=\"noreferrer noopener\"> <strong>Messa a Disposizione<\/strong><\/a><strong> <\/strong>consente un incontro diretto tra i dirigenti scolastici e chi aspira a ricoprire un incarico nel mondo della scuola. <\/span><\/p>\n\n\n\n<p>Anche per l&#8217;<strong>a.s. 2023\/2024<\/strong> \u00e8 previsto un ammontare di circa<strong> 30.000 posti vacanti <\/strong>all&#8217;interno delle scuole, di cui molti sul sostegno. <\/p>\n\n\n\n<p>Quale occasione migliore per inviare la domanda di<strong><a href=\"https:\/\/www.docenti.it\/mad.html\" target=\"_blank\" rel=\"noreferrer noopener\"> messa a disposizione?<\/a><\/strong> <\/p>\n\n\n\n<p>I<span class=\"s1\">nviare la propria Messa a Disposizione<strong> <\/strong>nei periodi giusti <strong>pu\u00f2 incrementare di molto le possibilit\u00e0 di ottenere una supplenza.<\/strong><\/span><\/p>\n\n\n\n<p><strong>Esistono periodi pi\u00f9 favorevoli per inviare la domanda di Messa a Disposizione alle scuole<\/strong>. <\/p>\n\n\n\n<p>Inoltre, per avere maggiori possibilit\u00e0 di essere chiamati, bisognerebbe inviare la <strong><a href=\"https:\/\/www.docenti.it\/mad.html\" target=\"_blank\" rel=\"noreferrer noopener\">MAD<\/a><\/strong> pi\u00f9 volte durante l\u2019anno. <br>Se vuoi sapere quali sono i periodi migliori per inviare la MAD continua a leggere questo articolo.<\/p>\n\n\n\n<!--more-->\n\n\n\n<h2>Quando inviare la Messa a Disposizione: ci sono scadenze?<\/h2>\n\n\n\n<p class=\"p1\"><span class=\"s1\"><strong>La <a href=\"https:\/\/www.docenti.it\/mad.html\" target=\"_blank\" rel=\"noreferrer noopener\">domanda di Messa a Disposizione<\/a><\/strong> <strong>non ha limiti o scadenze di invio e pu\u00f2 essere inoltrata durante tutto l\u2019anno scolastico<\/strong>, per\u00f2 grazie alla nostra esperienza nel campo abbiamo potuto notare, dai riscontri dei clienti stessi, la presenza di<strong> periodi pi\u00f9 fruttuosi per l&#8217;invio<\/strong> della MAD.\u00a0<\/span><\/p>\n\n\n\n<p class=\"p1\"><span class=\"s1\">Ma ora spieghiamo il perch\u00e9&nbsp;scegliere il periodo migliore per inviare la messa a disposizione pu\u00f2 aumentare di molto le possibilit\u00e0 di ricevere una chiamata dalle scuole.<\/span><\/p>\n\n\n<p>[maxbutton id=&#8221;1&#8243; url=&#8221;https:\/\/www.docenti.it\/messa-a-disposizione.html?lnk=104&#8243; text=&#8221;Invia la tua MAD online&#8221; ]<\/p>\n\n\n\n<p><\/p>\n\n\n\n<h3>I periodi migliori<\/h3>\n\n\n\n<p class=\"p1\"><span class=\"s1\">Per quanto riguarda il primo periodo, questo \u00e8 quello che precede di poco l\u2019inizio dell\u2019anno scolastico. <\/span><\/p>\n\n\n\n<p class=\"p1\"><span class=\"s1\">Come \u00e8 noto a tutti, solitamente l\u2019anno scolastico inizia a settembre, ma <strong>la scuola convoca il corpo insegnanti nelle ultime settimane di agosto<\/strong>, ricorrendo prima alle graduatorie e poi, qualora queste non siano sufficienti,<strong> facendo riferimento a tutte le domande di Messa a Disposizione pervenute<\/strong>. <\/span><\/p>\n\n\n\n<h4><span class=\"s1\">Il <strong>primo periodo: tra il&nbsp; 19 e il 30 di agosto<\/strong> <\/span><\/h4>\n\n\n\n<p class=\"p1\"><span class=\"s1\">Le segreterie scolastiche, in pieno reclutamento insegnanti, riescano a organizzare e catalogare le domande di <a href=\"https:\/\/www.docenti.it\/mad.html\" target=\"_blank\" rel=\"noreferrer noopener\">Messa a Disposizione <\/a>arrivate e averle belle pronte per l&#8217;assegnazione degli incarichi scoperti. <\/span><\/p>\n\n\n\n<p class=\"p1\"><span class=\"s1\">Questo periodo prosegue anche per i mesi di<strong> settembre e&nbsp; di ottobre,<\/strong> poich\u00e9 spesso le cattedre disponibili non riescono ad essere assegnate nei tempi stabiliti e rimangono scoperte in attesa di un supplente.<\/span><\/p>\n\n\n\n<h4><span class=\"s1\">Il secondo periodo: il <strong>rientro dalle vacanze natalizie<\/strong><\/span><\/h4>\n\n\n\n<p class=\"p1\"><span class=\"s1\">Questo perch\u00e9 <strong>moltissimi insegnanti richiedono dei congedi parentali<\/strong> per trascorrere qualche settimana in pi\u00f9 con i propri cari. <\/span><\/p>\n\n\n\n<p class=\"p1\"><span class=\"s1\">Inoltre, in questo periodo,<strong> le scuole iniziano ad attivare corsi di recupero<\/strong> per gli studenti che hanno mostrato nel primo quadrimestre delle carenze in alcune materie. <\/span><\/p>\n\n\n\n<p class=\"p1\"><span class=\"s1\">Il rientro dalle vacanze natalizie \u00e8 dunque critico per le scuole ed \u00e8 proprio <strong>in questo periodo che riprende in maniera metodica la ricerca di supplenti<\/strong> che prendano non solo supplenze sulle cattedre vacanti, ma anche sui corsi di recupero attivati. <\/span><\/p>\n\n\n\n<p class=\"p1\"><span class=\"s1\">Per dare degli estremi temporali, il mese caldo per inviare la Messa a Disposizione \u00e8 <strong>Gennaio<\/strong><\/span>.<\/p>\n\n\n<p>[maxbutton id=&#8221;1&#8243; url=&#8221;https:\/\/www.docenti.it\/messa-a-disposizione.html?lnk=104&#8243; text=&#8221;Invia la tua MAD online&#8221; ]<\/p>\n\n\n\n<p><\/p>\n\n\n\n<h4><span class=\"s1\">Il terzo periodo migliore: <strong>la fine dell\u2019anno scolastico<\/strong>. <\/span><\/h4>\n\n\n\n<p class=\"p1\"><span class=\"s1\">Questo per lo stesso discorso di prima:<strong> l\u2019attivazione dei corsi di recupero estivi<\/strong>.<\/span><\/p>\n\n\n\n<p class=\"p1\"><span class=\"s1\">Infatti, la fine della scuola non \u00e8 una \u201cliberazione\u201d per tutti gli studenti; mentre i meritevoli si godono i loro 3 mesi di vacanza, gli studenti che durante l\u2019anno sono stati pi\u00f9 scansafatiche, si ritrovano con debiti formativi che dovranno essere saldati con esami riparatori prima dell\u2019inizio del nuovo anno scolastico. <\/span><\/p>\n\n\n\n<p class=\"p1\"><span class=\"s1\">Le scuole, onde evitare una bocciatura gratuita e al fine di far recuperare a questi studenti le lacune possedute, organizzano corsi di recupero estivi che vengono<strong> affidati a docenti, per lo pi\u00f9, convocati grazie alla Messa a Disposizione<\/strong>. <\/span><\/p>\n\n\n\n<p class=\"p1\"><span class=\"s1\">Sempre per fornire delle date indicative, si pu\u00f2 dire che <strong>tra il maggio e giugno<\/strong> ricade questo terzo periodo di invio delle domande di Messa a Disposizione.<\/span><\/p>\n\n\n\n<p class=\"p1\"><strong><span class=\"s1\">Quindi stai tranquillo, non farti prendere dall\u2019ansia e goditi le vacanze: non dar retta a ci\u00f2 che leggi online o alle voci che senti.<\/span><\/strong><\/p>\n\n\n\n<p class=\"p1\"><span class=\"s1\">Sappiamo quanto desideri entrare nel mondo della scuola e quanta voglia hai di inviare la tua candidatura, ma aspetta. <\/span><\/p>\n\n\n\n<p class=\"p1\"><span class=\"s1\">Noi di <strong><span class=\"s2\">Docenti.it<\/span> <\/strong>lavoriamo nel campo della Messa a Disposizione ormai da anni, abbiamo anni di esperienza alle spalle; siamo specialisti in questo settore e vogliamo dirti la verit\u00e0: non inviare la tua domanda di Messa a Disposizione adesso, aspetta.<\/span><\/p>\n\n\n\n<p>Ma vogliamo darti qualche indicazione ancora pi\u00f9 precisa in termini di&#8230; date.<\/p>\n\n\n\n<h2><span class=\"s1\">I periodi migliori: le date<\/span><\/h2>\n\n\n\n<h5>1 &#8211; Dal 19 al 30 Agosto<\/h5>\n\n\n\n<p><span class=\"s1\">per l\u2019inizio dell\u2019anno scolastico<\/span><\/p>\n\n\n\n<h5>2 &#8211; Settembre e Ottobre<\/h5>\n\n\n\n<p>poich\u00e9 il&nbsp;problema delle&nbsp;cattedre vacanti&nbsp;persiste<\/p>\n\n\n\n<h5>3 &#8211; Gennaio<\/h5>\n\n\n\n<p><span class=\"s1\">per l&#8217;elevato numero di congedi parentali e l\u2019avvio dei corsi di recupero del primo quadrimestre<\/span><\/p>\n\n\n\n<h5>4 &#8211; Fine Giugno<\/h5>\n\n\n\n<p><span class=\"s1\">per l\u2019avvio dei corsi di recupero estivi.<\/span><\/p>\n\n\n\n<p>Ora che hai individuato i periodi in cui la ricerca di personale docente \u00e8 maggiore, non devi dar altro che procedere con l\u2019<strong>invio della tua domanda di Messa a Disposizione online<\/strong>.<\/p>\n\n\n\n<p><span class=\"s1\">\u00c8 importante, \u00e8 un\u2019occasione da non sprecare: affidati agli specialisti della Messa a&nbsp;Disposizione.&nbsp;<\/span><\/p>\n\n\n\n<p>Nel frattempo iscriviti al nostro gruppo Facebook<\/p>\n\n\n<p>[maxbutton id=&#8221;1&#8243; url=&#8221;https:\/\/www.facebook.com\/groups\/doocentimadfitgraduatorie&#8221; text=&#8221;ISCRIVITI AL GRUPPO DI DOOCENTI.IT &#8221; ]<\/p>\n","protected":false},"excerpt":{"rendered":"<p>La domanda di Messa a Disposizione consente un incontro diretto tra i dirigenti scolastici [&hellip;]<\/p>\n","protected":false},"author":8,"featured_media":25202,"comment_status":"open","ping_status":"open","sticky":false,"template":"","format":"standard","meta":[],"categories":[2],"tags":[],"yoast_head":"<!-- This site is optimized with the Yoast SEO plugin v20.4 - https:\/\/yoast.com\/wordpress\/plugins\/seo\/ -->\n<title>Quando inviare la Messa a Disposizione: i periodi migliori<\/title>\n<meta name=\"description\" content=\"Sapere quando inviare la messa a disposizione e i periodi migliori pu\u00f2 incrementare di molto le possibilit\u00e0 di ottenere ci\u00f2\u00a0che si desidera.\" \/>\n<meta name=\"robots\" content=\"index, follow, max-snippet:-1, max-image-preview:large, max-video-preview:-1\" \/>\n<link rel=\"canonical\" href=\"https:\/\/www.docenti.it\/blog\/quando-inviare-la-messa-a-disposizione-i-periodi-migliori\/\" \/>\n<meta property=\"og:locale\" content=\"it_IT\" \/>\n<meta property=\"og:type\" content=\"article\" \/>\n<meta property=\"og:title\" content=\"Quando inviare la Messa a Disposizione: i periodi migliori\" \/>\n<meta property=\"og:description\" content=\"Sapere quando inviare la messa a disposizione e i periodi migliori pu\u00f2 incrementare di molto le possibilit\u00e0 di ottenere ci\u00f2\u00a0che si desidera.\" \/>\n<meta property=\"og:url\" content=\"https:\/\/www.docenti.it\/blog\/quando-inviare-la-messa-a-disposizione-i-periodi-migliori\/\" \/>\n<meta property=\"og:site_name\" content=\"Blog | Docenti.it\" \/>\n<meta property=\"article:publisher\" content=\"https:\/\/www.facebook.com\/docenti.it\" \/>\n<meta property=\"article:published_time\" content=\"2019-07-03T19:43:37+00:00\" \/>\n<meta property=\"article:modified_time\" content=\"2023-10-11T15:32:49+00:00\" \/>\n<meta property=\"og:image\" content=\"https:\/\/www.docenti.it\/blog\/wp-content\/uploads\/2019\/07\/agenda-g87cf8c540_640.jpg\" \/>\n\t<meta property=\"og:image:width\" content=\"640\" \/>\n\t<meta property=\"og:image:height\" content=\"427\" \/>\n\t<meta property=\"og:image:type\" content=\"image\/jpeg\" \/>\n<meta name=\"author\" content=\"Anita Richieldi\" \/>\n<meta name=\"twitter:card\" content=\"summary_large_image\" \/>\n<meta name=\"twitter:label1\" content=\"Written by\" \/>\n\t<meta name=\"twitter:data1\" content=\"Anita Richieldi\" \/>\n\t<meta name=\"twitter:label2\" content=\"Est. reading time\" \/>\n\t<meta name=\"twitter:data2\" content=\"5 minuti\" \/>\n<script type=\"application\/ld+json\" class=\"yoast-schema-graph\">{\"@context\":\"https:\/\/schema.org\",\"@graph\":[{\"@type\":\"Article\",\"@id\":\"https:\/\/www.docenti.it\/blog\/quando-inviare-la-messa-a-disposizione-i-periodi-migliori\/#article\",\"isPartOf\":{\"@id\":\"https:\/\/www.docenti.it\/blog\/quando-inviare-la-messa-a-disposizione-i-periodi-migliori\/\"},\"author\":{\"name\":\"Anita Richieldi\",\"@id\":\"https:\/\/www.docenti.it\/blog\/#\/schema\/person\/7b71a0657951c1128ff3092cc4c00c78\"},\"headline\":\"Quando inviare la Messa a Disposizione: i periodi migliori\",\"datePublished\":\"2019-07-03T19:43:37+00:00\",\"dateModified\":\"2023-10-11T15:32:49+00:00\",\"mainEntityOfPage\":{\"@id\":\"https:\/\/www.docenti.it\/blog\/quando-inviare-la-messa-a-disposizione-i-periodi-migliori\/\"},\"wordCount\":853,\"commentCount\":0,\"publisher\":{\"@id\":\"https:\/\/www.docenti.it\/blog\/#organization\"},\"articleSection\":[\"Messa a Disposizione\"],\"inLanguage\":\"it-IT\",\"potentialAction\":[{\"@type\":\"CommentAction\",\"name\":\"Comment\",\"target\":[\"https:\/\/www.docenti.it\/blog\/quando-inviare-la-messa-a-disposizione-i-periodi-migliori\/#respond\"]}]},{\"@type\":\"WebPage\",\"@id\":\"https:\/\/www.docenti.it\/blog\/quando-inviare-la-messa-a-disposizione-i-periodi-migliori\/\",\"url\":\"https:\/\/www.docenti.it\/blog\/quando-inviare-la-messa-a-disposizione-i-periodi-migliori\/\",\"name\":\"Quando inviare la Messa a Disposizione: i periodi migliori\",\"isPartOf\":{\"@id\":\"https:\/\/www.docenti.it\/blog\/#website\"},\"datePublished\":\"2019-07-03T19:43:37+00:00\",\"dateModified\":\"2023-10-11T15:32:49+00:00\",\"description\":\"Sapere quando inviare la messa a disposizione e i periodi migliori pu\u00f2 incrementare di molto le possibilit\u00e0 di ottenere ci\u00f2\u00a0che si desidera.\",\"breadcrumb\":{\"@id\":\"https:\/\/www.docenti.it\/blog\/quando-inviare-la-messa-a-disposizione-i-periodi-migliori\/#breadcrumb\"},\"inLanguage\":\"it-IT\",\"potentialAction\":[{\"@type\":\"ReadAction\",\"target\":[\"https:\/\/www.docenti.it\/blog\/quando-inviare-la-messa-a-disposizione-i-periodi-migliori\/\"]}]},{\"@type\":\"BreadcrumbList\",\"@id\":\"https:\/\/www.docenti.it\/blog\/quando-inviare-la-messa-a-disposizione-i-periodi-migliori\/#breadcrumb\",\"itemListElement\":[{\"@type\":\"ListItem\",\"position\":1,\"name\":\"Home\",\"item\":\"https:\/\/www.docenti.it\/blog\/\"},{\"@type\":\"ListItem\",\"position\":2,\"name\":\"Quando inviare la Messa a Disposizione: i periodi migliori\"}]},{\"@type\":\"WebSite\",\"@id\":\"https:\/\/www.docenti.it\/blog\/#website\",\"url\":\"https:\/\/www.docenti.it\/blog\/\",\"name\":\"Blog | Docenti.it\",\"description\":\"Tutte le notizie e gli aggiornamenti dal mondo della scuola\",\"publisher\":{\"@id\":\"https:\/\/www.docenti.it\/blog\/#organization\"},\"potentialAction\":[{\"@type\":\"SearchAction\",\"target\":{\"@type\":\"EntryPoint\",\"urlTemplate\":\"https:\/\/www.docenti.it\/blog\/?s={search_term_string}\"},\"query-input\":\"required name=search_term_string\"}],\"inLanguage\":\"it-IT\"},{\"@type\":\"Organization\",\"@id\":\"https:\/\/www.docenti.it\/blog\/#organization\",\"name\":\"Blog | Docenti.it\",\"url\":\"https:\/\/www.docenti.it\/blog\/\",\"logo\":{\"@type\":\"ImageObject\",\"inLanguage\":\"it-IT\",\"@id\":\"https:\/\/www.docenti.it\/blog\/#\/schema\/logo\/image\/\",\"url\":\"https:\/\/www.docenti.it\/blog\/wp-content\/uploads\/2025\/06\/fb_mad_img.png\",\"contentUrl\":\"https:\/\/www.docenti.it\/blog\/wp-content\/uploads\/2025\/06\/fb_mad_img.png\",\"width\":1140,\"height\":620,\"caption\":\"Blog | Docenti.it\"},\"image\":{\"@id\":\"https:\/\/www.docenti.it\/blog\/#\/schema\/logo\/image\/\"},\"sameAs\":[\"https:\/\/www.facebook.com\/docenti.it\"]},{\"@type\":\"Person\",\"@id\":\"https:\/\/www.docenti.it\/blog\/#\/schema\/person\/7b71a0657951c1128ff3092cc4c00c78\",\"name\":\"Anita Richieldi\",\"image\":{\"@type\":\"ImageObject\",\"inLanguage\":\"it-IT\",\"@id\":\"https:\/\/www.docenti.it\/blog\/#\/schema\/person\/image\/\",\"url\":\"https:\/\/secure.gravatar.com\/avatar\/8ea44bcc6a088bcc7abe3da29b44b486?s=96&d=mm&r=g\",\"contentUrl\":\"https:\/\/secure.gravatar.com\/avatar\/8ea44bcc6a088bcc7abe3da29b44b486?s=96&d=mm&r=g\",\"caption\":\"Anita Richieldi\"},\"url\":\"https:\/\/www.docenti.it\/blog\/author\/anita\/\"}]}<\/script>\n<!-- \/ Yoast SEO plugin. -->","yoast_head_json":{"title":"Quando inviare la Messa a Disposizione: i periodi migliori","description":"Sapere quando inviare la messa a disposizione e i periodi migliori pu\u00f2 incrementare di molto le possibilit\u00e0 di ottenere ci\u00f2\u00a0che si desidera.","robots":{"index":"index","follow":"follow","max-snippet":"max-snippet:-1","max-image-preview":"max-image-preview:large","max-video-preview":"max-video-preview:-1"},"canonical":"https:\/\/www.docenti.it\/blog\/quando-inviare-la-messa-a-disposizione-i-periodi-migliori\/","og_locale":"it_IT","og_type":"article","og_title":"Quando inviare la Messa a Disposizione: i periodi migliori","og_description":"Sapere quando inviare la messa a disposizione e i periodi migliori pu\u00f2 incrementare di molto le possibilit\u00e0 di ottenere ci\u00f2\u00a0che si desidera.","og_url":"https:\/\/www.docenti.it\/blog\/quando-inviare-la-messa-a-disposizione-i-periodi-migliori\/","og_site_name":"Blog | Docenti.it","article_publisher":"https:\/\/www.facebook.com\/docenti.it","article_published_time":"2019-07-03T19:43:37+00:00","article_modified_time":"2023-10-11T15:32:49+00:00","og_image":[{"width":640,"height":427,"url":"https:\/\/www.docenti.it\/blog\/wp-content\/uploads\/2019\/07\/agenda-g87cf8c540_640.jpg","type":"image\/jpeg"}],"author":"Anita Richieldi","twitter_card":"summary_large_image","twitter_misc":{"Written by":"Anita Richieldi","Est. reading time":"5 minuti"},"schema":{"@context":"https:\/\/schema.org","@graph":[{"@type":"Article","@id":"https:\/\/www.docenti.it\/blog\/quando-inviare-la-messa-a-disposizione-i-periodi-migliori\/#article","isPartOf":{"@id":"https:\/\/www.docenti.it\/blog\/quando-inviare-la-messa-a-disposizione-i-periodi-migliori\/"},"author":{"name":"Anita Richieldi","@id":"https:\/\/www.docenti.it\/blog\/#\/schema\/person\/7b71a0657951c1128ff3092cc4c00c78"},"headline":"Quando inviare la Messa a Disposizione: i periodi migliori","datePublished":"2019-07-03T19:43:37+00:00","dateModified":"2023-10-11T15:32:49+00:00","mainEntityOfPage":{"@id":"https:\/\/www.docenti.it\/blog\/quando-inviare-la-messa-a-disposizione-i-periodi-migliori\/"},"wordCount":853,"commentCount":0,"publisher":{"@id":"https:\/\/www.docenti.it\/blog\/#organization"},"articleSection":["Messa a Disposizione"],"inLanguage":"it-IT","potentialAction":[{"@type":"CommentAction","name":"Comment","target":["https:\/\/www.docenti.it\/blog\/quando-inviare-la-messa-a-disposizione-i-periodi-migliori\/#respond"]}]},{"@type":"WebPage","@id":"https:\/\/www.docenti.it\/blog\/quando-inviare-la-messa-a-disposizione-i-periodi-migliori\/","url":"https:\/\/www.docenti.it\/blog\/quando-inviare-la-messa-a-disposizione-i-periodi-migliori\/","name":"Quando inviare la Messa a Disposizione: i periodi migliori","isPartOf":{"@id":"https:\/\/www.docenti.it\/blog\/#website"},"datePublished":"2019-07-03T19:43:37+00:00","dateModified":"2023-10-11T15:32:49+00:00","description":"Sapere quando inviare la messa a disposizione e i periodi migliori pu\u00f2 incrementare di molto le possibilit\u00e0 di ottenere ci\u00f2\u00a0che si desidera.","breadcrumb":{"@id":"https:\/\/www.docenti.it\/blog\/quando-inviare-la-messa-a-disposizione-i-periodi-migliori\/#breadcrumb"},"inLanguage":"it-IT","potentialAction":[{"@type":"ReadAction","target":["https:\/\/www.docenti.it\/blog\/quando-inviare-la-messa-a-disposizione-i-periodi-migliori\/"]}]},{"@type":"BreadcrumbList","@id":"https:\/\/www.docenti.it\/blog\/quando-inviare-la-messa-a-disposizione-i-periodi-migliori\/#breadcrumb","itemListElement":[{"@type":"ListItem","position":1,"name":"Home","item":"https:\/\/www.docenti.it\/blog\/"},{"@type":"ListItem","position":2,"name":"Quando inviare la Messa a Disposizione: i periodi migliori"}]},{"@type":"WebSite","@id":"https:\/\/www.docenti.it\/blog\/#website","url":"https:\/\/www.docenti.it\/blog\/","name":"Blog | Docenti.it","description":"Tutte le notizie e gli aggiornamenti dal mondo della scuola","publisher":{"@id":"https:\/\/www.docenti.it\/blog\/#organization"},"potentialAction":[{"@type":"SearchAction","target":{"@type":"EntryPoint","urlTemplate":"https:\/\/www.docenti.it\/blog\/?s={search_term_string}"},"query-input":"required name=search_term_string"}],"inLanguage":"it-IT"},{"@type":"Organization","@id":"https:\/\/www.docenti.it\/blog\/#organization","name":"Blog | Docenti.it","url":"https:\/\/www.docenti.it\/blog\/","logo":{"@type":"ImageObject","inLanguage":"it-IT","@id":"https:\/\/www.docenti.it\/blog\/#\/schema\/logo\/image\/","url":"https:\/\/www.docenti.it\/blog\/wp-content\/uploads\/2025\/06\/fb_mad_img.png","contentUrl":"https:\/\/www.docenti.it\/blog\/wp-content\/uploads\/2025\/06\/fb_mad_img.png","width":1140,"height":620,"caption":"Blog | Docenti.it"},"image":{"@id":"https:\/\/www.docenti.it\/blog\/#\/schema\/logo\/image\/"},"sameAs":["https:\/\/www.facebook.com\/docenti.it"]},{"@type":"Person","@id":"https:\/\/www.docenti.it\/blog\/#\/schema\/person\/7b71a0657951c1128ff3092cc4c00c78","name":"Anita Richieldi","image":{"@type":"ImageObject","inLanguage":"it-IT","@id":"https:\/\/www.docenti.it\/blog\/#\/schema\/person\/image\/","url":"https:\/\/secure.gravatar.com\/avatar\/8ea44bcc6a088bcc7abe3da29b44b486?s=96&d=mm&r=g","contentUrl":"https:\/\/secure.gravatar.com\/avatar\/8ea44bcc6a088bcc7abe3da29b44b486?s=96&d=mm&r=g","caption":"Anita Richieldi"},"url":"https:\/\/www.docenti.it\/blog\/author\/anita\/"}]}},"_links":{"self":[{"href":"https:\/\/www.docenti.it\/blog\/wp-json\/wp\/v2\/posts\/752"}],"collection":[{"href":"https:\/\/www.docenti.it\/blog\/wp-json\/wp\/v2\/posts"}],"about":[{"href":"https:\/\/www.docenti.it\/blog\/wp-json\/wp\/v2\/types\/post"}],"author":[{"embeddable":true,"href":"https:\/\/www.docenti.it\/blog\/wp-json\/wp\/v2\/users\/8"}],"replies":[{"embeddable":true,"href":"https:\/\/www.docenti.it\/blog\/wp-json\/wp\/v2\/comments?post=752"}],"version-history":[{"count":29,"href":"https:\/\/www.docenti.it\/blog\/wp-json\/wp\/v2\/posts\/752\/revisions"}],"predecessor-version":[{"id":45480,"href":"https:\/\/www.docenti.it\/blog\/wp-json\/wp\/v2\/posts\/752\/revisions\/45480"}],"wp:featuredmedia":[{"embeddable":true,"href":"https:\/\/www.docenti.it\/blog\/wp-json\/wp\/v2\/media\/25202"}],"wp:attachment":[{"href":"https:\/\/www.docenti.it\/blog\/wp-json\/wp\/v2\/media?parent=752"}],"wp:term":[{"taxonomy":"category","embeddable":true,"href":"https:\/\/www.docenti.it\/blog\/wp-json\/wp\/v2\/categories?post=752"},{"taxonomy":"post_tag","embeddable":true,"href":"https:\/\/www.docenti.it\/blog\/wp-json\/wp\/v2\/tags?post=752"}],"curies":[{"name":"wp","href":"https:\/\/api.w.org\/{rel}","templated":true}]}}