{"id":7959,"date":"2021-11-12T12:51:08","date_gmt":"2021-11-12T11:51:08","guid":{"rendered":"https:\/\/www.docenti.it\/blog\/?p=7959"},"modified":"2021-11-12T12:51:09","modified_gmt":"2021-11-12T11:51:09","slug":"news-scuola-il-governo-valorizza-la-professionalita-dei-docenti-ecco-come","status":"publish","type":"post","link":"https:\/\/www.docenti.it\/blog\/news-scuola-il-governo-valorizza-la-professionalita-dei-docenti-ecco-come\/","title":{"rendered":"News scuola: il governo valorizza la professionalit\u00e0 dei docenti. Ecco come"},"content":{"rendered":"\n<p><strong>News scuola<\/strong>: il governo ha deciso di riconoscere e valorizzare la professionalit\u00e0 dei docenti. <\/p>\n\n\n\n<p>Ecco la decisione presa al Senato.<\/p>\n\n\n\n<p>Leggi l&#8217;articolo completo. <\/p>\n\n\n\n<!--more-->\n\n\n\n<h2>News scuola: il governo stanzia 240 milioni<\/h2>\n\n\n\n<p>Il governo vuole riconoscere e valorizzare la professionalit\u00e0 dei docenti.<br>Per questo motivo, ha deciso di stanziare <strong>240 milioni di euro nel fondo per il miglioramento dell\u2019offerta formativa<\/strong> (il FUN).<\/p>\n\n\n\n<p>La decisione \u00e8 stata applicata mediante <strong>l\u2019articolo 108 della Legge di Bilancio<\/strong> e trasmessa oggi in <strong>Senato<\/strong>. <\/p>\n\n\n\n<p>Ecco quanto \u00e8 stato scritto nella relazione illustrativa al testo:<\/p>\n\n\n\n<blockquote class=\"wp-block-quote\"><p><em>\u201cAl fine di rendere pi\u00f9 attrattiva tale professione, si intende, quindi, premiare l\u2019impegno profuso nella peculiare attivit\u00e0 di insegnamento, nella promozione della comunit\u00e0 scolastica e nel costante aggiornamento professionale\u201d<\/em><\/p><cite>Fonte: Orizzonte Scuola <\/cite><\/blockquote>\n\n\n\n<p>L\u2019utilizzo delle risorse sar\u00e0 demandato alla contrattazione collettiva. <\/p>\n\n\n\n<p>Il tutto dovr\u00e0 rispettare i criteri rivolti alla valorizzazione e alla dedizione che i docenti impiegheranno nell\u2019attivit\u00e0 didattica. Inoltre, ruolo importante avr\u00e0  la promozione della comunit\u00e0 scolastica e l\u2019aggiornamento professionale continuo.<\/p>\n\n\n\n<p>Leggi anche:<\/p>\n\n\n\n<ul><li><a href=\"https:\/\/www.docenti.it\/blog\/nuovo-concorso-ordinario-scuola-quali-certificazioni-danno-piu-punteggio\/\" target=\"_blank\" rel=\"noreferrer noopener\">Nuovo concorso ordinario scuola: quali certificazioni danno pi\u00f9 punteggio.<\/a><\/li><li><a href=\"https:\/\/www.docenti.it\/blog\/terza-dose-vaccino-covid-priorita-al-personale-scolastico\/\" target=\"_blank\" rel=\"noreferrer noopener\">Terza dose vaccino Covid: priorit\u00e0 al personale scolastico?<\/a><\/li><li><a href=\"https:\/\/www.docenti.it\/blog\/concorso-straordinario-scuola-le-tabelle-con-i-posti-disponibili-per-regione\/\" target=\"_blank\" rel=\"noreferrer noopener\">Concorso straordinario scuola: le tabelle con i posti disponibili per regione.<\/a><\/li><li><a href=\"https:\/\/www.docenti.it\/blog\/positivi-a-scuola-nuove-regole-per-gli-studenti-positivi-al-tampone\/\" target=\"_blank\" rel=\"noreferrer noopener\">Positivi a scuola: nuove regole per gli studenti positivi al tampone.<\/a><\/li><\/ul>\n\n\n\n<p>Photo credit: <a href=\"https:\/\/www.pexels.com\/\" target=\"_blank\" rel=\"noreferrer noopener\">Pexels<\/a>. <\/p>\n","protected":false},"excerpt":{"rendered":"<p>News scuola: il governo ha deciso di riconoscere e valorizzare la professionalit\u00e0 dei docenti. [&hellip;]<\/p>\n","protected":false},"author":21,"featured_media":7962,"comment_status":"open","ping_status":"open","sticky":false,"template":"","format":"standard","meta":[],"categories":[4],"tags":[379,378],"yoast_head":"<!-- This site is optimized with the Yoast SEO plugin v20.4 - https:\/\/yoast.com\/wordpress\/plugins\/seo\/ -->\n<title>News scuola: il governo valorizza la professionalit\u00e0 dei docenti. Ecco come<\/title>\n<meta name=\"description\" content=\"News scuola: il governo ha deciso di riconoscere e valorizzare la professionalit\u00e0 dei docenti. La decisione presa al Senato.\" \/>\n<meta name=\"robots\" content=\"index, follow, max-snippet:-1, max-image-preview:large, max-video-preview:-1\" \/>\n<link rel=\"canonical\" href=\"https:\/\/www.docenti.it\/blog\/news-scuola-il-governo-valorizza-la-professionalita-dei-docenti-ecco-come\/\" \/>\n<meta property=\"og:locale\" content=\"it_IT\" \/>\n<meta property=\"og:type\" content=\"article\" \/>\n<meta property=\"og:title\" content=\"News scuola: il governo valorizza la professionalit\u00e0 dei docenti. Ecco come\" \/>\n<meta property=\"og:description\" content=\"News scuola: il governo ha deciso di riconoscere e valorizzare la professionalit\u00e0 dei docenti. La decisione presa al Senato.\" \/>\n<meta property=\"og:url\" content=\"https:\/\/www.docenti.it\/blog\/news-scuola-il-governo-valorizza-la-professionalita-dei-docenti-ecco-come\/\" \/>\n<meta property=\"og:site_name\" content=\"Blog | Docenti.it\" \/>\n<meta property=\"article:publisher\" content=\"https:\/\/www.facebook.com\/docenti.it\" \/>\n<meta property=\"article:author\" content=\"https:\/\/www.facebook.com\/profile.php?id=1555867670\" \/>\n<meta property=\"article:published_time\" content=\"2021-11-12T11:51:08+00:00\" \/>\n<meta property=\"article:modified_time\" content=\"2021-11-12T11:51:09+00:00\" \/>\n<meta property=\"og:image\" content=\"https:\/\/www.docenti.it\/blog\/wp-content\/uploads\/2021\/11\/pexels-max-fischer-5212325.jpg\" \/>\n\t<meta property=\"og:image:width\" content=\"640\" \/>\n\t<meta property=\"og:image:height\" content=\"426\" \/>\n\t<meta property=\"og:image:type\" content=\"image\/jpeg\" \/>\n<meta name=\"author\" content=\"Martina Vaggi\" \/>\n<meta name=\"twitter:card\" content=\"summary_large_image\" \/>\n<meta name=\"twitter:label1\" content=\"Written by\" \/>\n\t<meta name=\"twitter:data1\" content=\"Martina Vaggi\" \/>\n\t<meta name=\"twitter:label2\" content=\"Est. reading time\" \/>\n\t<meta name=\"twitter:data2\" content=\"1 minuto\" \/>\n<script type=\"application\/ld+json\" class=\"yoast-schema-graph\">{\"@context\":\"https:\/\/schema.org\",\"@graph\":[{\"@type\":\"Article\",\"@id\":\"https:\/\/www.docenti.it\/blog\/news-scuola-il-governo-valorizza-la-professionalita-dei-docenti-ecco-come\/#article\",\"isPartOf\":{\"@id\":\"https:\/\/www.docenti.it\/blog\/news-scuola-il-governo-valorizza-la-professionalita-dei-docenti-ecco-come\/\"},\"author\":{\"name\":\"Martina Vaggi\",\"@id\":\"https:\/\/www.docenti.it\/blog\/#\/schema\/person\/99c2fdaf54e96829fe4ed44da8233688\"},\"headline\":\"News scuola: il governo valorizza la professionalit\u00e0 dei docenti. Ecco come\",\"datePublished\":\"2021-11-12T11:51:08+00:00\",\"dateModified\":\"2021-11-12T11:51:09+00:00\",\"mainEntityOfPage\":{\"@id\":\"https:\/\/www.docenti.it\/blog\/news-scuola-il-governo-valorizza-la-professionalita-dei-docenti-ecco-come\/\"},\"wordCount\":214,\"commentCount\":0,\"publisher\":{\"@id\":\"https:\/\/www.docenti.it\/blog\/#organization\"},\"keywords\":[\"finanziamenti scuola\",\"legge di bilancio\"],\"articleSection\":[\"News\"],\"inLanguage\":\"it-IT\",\"potentialAction\":[{\"@type\":\"CommentAction\",\"name\":\"Comment\",\"target\":[\"https:\/\/www.docenti.it\/blog\/news-scuola-il-governo-valorizza-la-professionalita-dei-docenti-ecco-come\/#respond\"]}]},{\"@type\":\"WebPage\",\"@id\":\"https:\/\/www.docenti.it\/blog\/news-scuola-il-governo-valorizza-la-professionalita-dei-docenti-ecco-come\/\",\"url\":\"https:\/\/www.docenti.it\/blog\/news-scuola-il-governo-valorizza-la-professionalita-dei-docenti-ecco-come\/\",\"name\":\"News scuola: il governo valorizza la professionalit\u00e0 dei docenti. Ecco come\",\"isPartOf\":{\"@id\":\"https:\/\/www.docenti.it\/blog\/#website\"},\"datePublished\":\"2021-11-12T11:51:08+00:00\",\"dateModified\":\"2021-11-12T11:51:09+00:00\",\"description\":\"News scuola: il governo ha deciso di riconoscere e valorizzare la professionalit\u00e0 dei docenti. La decisione presa al Senato.\",\"breadcrumb\":{\"@id\":\"https:\/\/www.docenti.it\/blog\/news-scuola-il-governo-valorizza-la-professionalita-dei-docenti-ecco-come\/#breadcrumb\"},\"inLanguage\":\"it-IT\",\"potentialAction\":[{\"@type\":\"ReadAction\",\"target\":[\"https:\/\/www.docenti.it\/blog\/news-scuola-il-governo-valorizza-la-professionalita-dei-docenti-ecco-come\/\"]}]},{\"@type\":\"BreadcrumbList\",\"@id\":\"https:\/\/www.docenti.it\/blog\/news-scuola-il-governo-valorizza-la-professionalita-dei-docenti-ecco-come\/#breadcrumb\",\"itemListElement\":[{\"@type\":\"ListItem\",\"position\":1,\"name\":\"Home\",\"item\":\"https:\/\/www.docenti.it\/blog\/\"},{\"@type\":\"ListItem\",\"position\":2,\"name\":\"News scuola: il governo valorizza la professionalit\u00e0 dei docenti. Ecco come\"}]},{\"@type\":\"WebSite\",\"@id\":\"https:\/\/www.docenti.it\/blog\/#website\",\"url\":\"https:\/\/www.docenti.it\/blog\/\",\"name\":\"Blog | Docenti.it\",\"description\":\"Tutte le notizie e gli aggiornamenti dal mondo della scuola\",\"publisher\":{\"@id\":\"https:\/\/www.docenti.it\/blog\/#organization\"},\"potentialAction\":[{\"@type\":\"SearchAction\",\"target\":{\"@type\":\"EntryPoint\",\"urlTemplate\":\"https:\/\/www.docenti.it\/blog\/?s={search_term_string}\"},\"query-input\":\"required name=search_term_string\"}],\"inLanguage\":\"it-IT\"},{\"@type\":\"Organization\",\"@id\":\"https:\/\/www.docenti.it\/blog\/#organization\",\"name\":\"Blog | Docenti.it\",\"url\":\"https:\/\/www.docenti.it\/blog\/\",\"logo\":{\"@type\":\"ImageObject\",\"inLanguage\":\"it-IT\",\"@id\":\"https:\/\/www.docenti.it\/blog\/#\/schema\/logo\/image\/\",\"url\":\"https:\/\/www.docenti.it\/blog\/wp-content\/uploads\/2025\/06\/fb_mad_img.png\",\"contentUrl\":\"https:\/\/www.docenti.it\/blog\/wp-content\/uploads\/2025\/06\/fb_mad_img.png\",\"width\":1140,\"height\":620,\"caption\":\"Blog | Docenti.it\"},\"image\":{\"@id\":\"https:\/\/www.docenti.it\/blog\/#\/schema\/logo\/image\/\"},\"sameAs\":[\"https:\/\/www.facebook.com\/docenti.it\"]},{\"@type\":\"Person\",\"@id\":\"https:\/\/www.docenti.it\/blog\/#\/schema\/person\/99c2fdaf54e96829fe4ed44da8233688\",\"name\":\"Martina Vaggi\",\"image\":{\"@type\":\"ImageObject\",\"inLanguage\":\"it-IT\",\"@id\":\"https:\/\/www.docenti.it\/blog\/#\/schema\/person\/image\/\",\"url\":\"https:\/\/secure.gravatar.com\/avatar\/14a13197979873d693ad915d249e3f54?s=96&d=mm&r=g\",\"contentUrl\":\"https:\/\/secure.gravatar.com\/avatar\/14a13197979873d693ad915d249e3f54?s=96&d=mm&r=g\",\"caption\":\"Martina Vaggi\"},\"description\":\"Classe 1991, copywriter e scrittrice. Nata a Sale, un paesino in provincia di Alessandria. Scrive dall\u2019et\u00e0 di 10 anni. Nel 2015 si laurea in Lettere Moderne presso l\u2019universit\u00e0 di Pavia. Nel 2020 pubblica il suo primo libro \\\"Il diario del silenzio - Storie reali di quarantena\\\" che descrive il processo di cambiamento della vita di 40 persone ai tempi del Covid. Nel 2022 si trasferisce a San Marino per lavorare come copywriter per Docenti.it\",\"sameAs\":[\"https:\/\/pensierisurrealidigentecomune.com\/\",\"https:\/\/www.facebook.com\/profile.php?id=1555867670\",\"https:\/\/www.instagram.com\/martiggi91\/\",\"https:\/\/it.linkedin.com\/in\/martina-vaggi\",\"https:\/\/www.youtube.com\/results?search_query=martina+vaggi\"],\"url\":\"https:\/\/www.docenti.it\/blog\/author\/martina-vaggi\/\"}]}<\/script>\n<!-- \/ Yoast SEO plugin. -->","yoast_head_json":{"title":"News scuola: il governo valorizza la professionalit\u00e0 dei docenti. Ecco come","description":"News scuola: il governo ha deciso di riconoscere e valorizzare la professionalit\u00e0 dei docenti. La decisione presa al Senato.","robots":{"index":"index","follow":"follow","max-snippet":"max-snippet:-1","max-image-preview":"max-image-preview:large","max-video-preview":"max-video-preview:-1"},"canonical":"https:\/\/www.docenti.it\/blog\/news-scuola-il-governo-valorizza-la-professionalita-dei-docenti-ecco-come\/","og_locale":"it_IT","og_type":"article","og_title":"News scuola: il governo valorizza la professionalit\u00e0 dei docenti. Ecco come","og_description":"News scuola: il governo ha deciso di riconoscere e valorizzare la professionalit\u00e0 dei docenti. La decisione presa al Senato.","og_url":"https:\/\/www.docenti.it\/blog\/news-scuola-il-governo-valorizza-la-professionalita-dei-docenti-ecco-come\/","og_site_name":"Blog | Docenti.it","article_publisher":"https:\/\/www.facebook.com\/docenti.it","article_author":"https:\/\/www.facebook.com\/profile.php?id=1555867670","article_published_time":"2021-11-12T11:51:08+00:00","article_modified_time":"2021-11-12T11:51:09+00:00","og_image":[{"width":640,"height":426,"url":"https:\/\/www.docenti.it\/blog\/wp-content\/uploads\/2021\/11\/pexels-max-fischer-5212325.jpg","type":"image\/jpeg"}],"author":"Martina Vaggi","twitter_card":"summary_large_image","twitter_misc":{"Written by":"Martina Vaggi","Est. reading time":"1 minuto"},"schema":{"@context":"https:\/\/schema.org","@graph":[{"@type":"Article","@id":"https:\/\/www.docenti.it\/blog\/news-scuola-il-governo-valorizza-la-professionalita-dei-docenti-ecco-come\/#article","isPartOf":{"@id":"https:\/\/www.docenti.it\/blog\/news-scuola-il-governo-valorizza-la-professionalita-dei-docenti-ecco-come\/"},"author":{"name":"Martina Vaggi","@id":"https:\/\/www.docenti.it\/blog\/#\/schema\/person\/99c2fdaf54e96829fe4ed44da8233688"},"headline":"News scuola: il governo valorizza la professionalit\u00e0 dei docenti. Ecco come","datePublished":"2021-11-12T11:51:08+00:00","dateModified":"2021-11-12T11:51:09+00:00","mainEntityOfPage":{"@id":"https:\/\/www.docenti.it\/blog\/news-scuola-il-governo-valorizza-la-professionalita-dei-docenti-ecco-come\/"},"wordCount":214,"commentCount":0,"publisher":{"@id":"https:\/\/www.docenti.it\/blog\/#organization"},"keywords":["finanziamenti scuola","legge di bilancio"],"articleSection":["News"],"inLanguage":"it-IT","potentialAction":[{"@type":"CommentAction","name":"Comment","target":["https:\/\/www.docenti.it\/blog\/news-scuola-il-governo-valorizza-la-professionalita-dei-docenti-ecco-come\/#respond"]}]},{"@type":"WebPage","@id":"https:\/\/www.docenti.it\/blog\/news-scuola-il-governo-valorizza-la-professionalita-dei-docenti-ecco-come\/","url":"https:\/\/www.docenti.it\/blog\/news-scuola-il-governo-valorizza-la-professionalita-dei-docenti-ecco-come\/","name":"News scuola: il governo valorizza la professionalit\u00e0 dei docenti. Ecco come","isPartOf":{"@id":"https:\/\/www.docenti.it\/blog\/#website"},"datePublished":"2021-11-12T11:51:08+00:00","dateModified":"2021-11-12T11:51:09+00:00","description":"News scuola: il governo ha deciso di riconoscere e valorizzare la professionalit\u00e0 dei docenti. La decisione presa al Senato.","breadcrumb":{"@id":"https:\/\/www.docenti.it\/blog\/news-scuola-il-governo-valorizza-la-professionalita-dei-docenti-ecco-come\/#breadcrumb"},"inLanguage":"it-IT","potentialAction":[{"@type":"ReadAction","target":["https:\/\/www.docenti.it\/blog\/news-scuola-il-governo-valorizza-la-professionalita-dei-docenti-ecco-come\/"]}]},{"@type":"BreadcrumbList","@id":"https:\/\/www.docenti.it\/blog\/news-scuola-il-governo-valorizza-la-professionalita-dei-docenti-ecco-come\/#breadcrumb","itemListElement":[{"@type":"ListItem","position":1,"name":"Home","item":"https:\/\/www.docenti.it\/blog\/"},{"@type":"ListItem","position":2,"name":"News scuola: il governo valorizza la professionalit\u00e0 dei docenti. Ecco come"}]},{"@type":"WebSite","@id":"https:\/\/www.docenti.it\/blog\/#website","url":"https:\/\/www.docenti.it\/blog\/","name":"Blog | Docenti.it","description":"Tutte le notizie e gli aggiornamenti dal mondo della scuola","publisher":{"@id":"https:\/\/www.docenti.it\/blog\/#organization"},"potentialAction":[{"@type":"SearchAction","target":{"@type":"EntryPoint","urlTemplate":"https:\/\/www.docenti.it\/blog\/?s={search_term_string}"},"query-input":"required name=search_term_string"}],"inLanguage":"it-IT"},{"@type":"Organization","@id":"https:\/\/www.docenti.it\/blog\/#organization","name":"Blog | Docenti.it","url":"https:\/\/www.docenti.it\/blog\/","logo":{"@type":"ImageObject","inLanguage":"it-IT","@id":"https:\/\/www.docenti.it\/blog\/#\/schema\/logo\/image\/","url":"https:\/\/www.docenti.it\/blog\/wp-content\/uploads\/2025\/06\/fb_mad_img.png","contentUrl":"https:\/\/www.docenti.it\/blog\/wp-content\/uploads\/2025\/06\/fb_mad_img.png","width":1140,"height":620,"caption":"Blog | Docenti.it"},"image":{"@id":"https:\/\/www.docenti.it\/blog\/#\/schema\/logo\/image\/"},"sameAs":["https:\/\/www.facebook.com\/docenti.it"]},{"@type":"Person","@id":"https:\/\/www.docenti.it\/blog\/#\/schema\/person\/99c2fdaf54e96829fe4ed44da8233688","name":"Martina Vaggi","image":{"@type":"ImageObject","inLanguage":"it-IT","@id":"https:\/\/www.docenti.it\/blog\/#\/schema\/person\/image\/","url":"https:\/\/secure.gravatar.com\/avatar\/14a13197979873d693ad915d249e3f54?s=96&d=mm&r=g","contentUrl":"https:\/\/secure.gravatar.com\/avatar\/14a13197979873d693ad915d249e3f54?s=96&d=mm&r=g","caption":"Martina Vaggi"},"description":"Classe 1991, copywriter e scrittrice. Nata a Sale, un paesino in provincia di Alessandria. Scrive dall\u2019et\u00e0 di 10 anni. Nel 2015 si laurea in Lettere Moderne presso l\u2019universit\u00e0 di Pavia. Nel 2020 pubblica il suo primo libro \"Il diario del silenzio - Storie reali di quarantena\" che descrive il processo di cambiamento della vita di 40 persone ai tempi del Covid. Nel 2022 si trasferisce a San Marino per lavorare come copywriter per Docenti.it","sameAs":["https:\/\/pensierisurrealidigentecomune.com\/","https:\/\/www.facebook.com\/profile.php?id=1555867670","https:\/\/www.instagram.com\/martiggi91\/","https:\/\/it.linkedin.com\/in\/martina-vaggi","https:\/\/www.youtube.com\/results?search_query=martina+vaggi"],"url":"https:\/\/www.docenti.it\/blog\/author\/martina-vaggi\/"}]}},"_links":{"self":[{"href":"https:\/\/www.docenti.it\/blog\/wp-json\/wp\/v2\/posts\/7959"}],"collection":[{"href":"https:\/\/www.docenti.it\/blog\/wp-json\/wp\/v2\/posts"}],"about":[{"href":"https:\/\/www.docenti.it\/blog\/wp-json\/wp\/v2\/types\/post"}],"author":[{"embeddable":true,"href":"https:\/\/www.docenti.it\/blog\/wp-json\/wp\/v2\/users\/21"}],"replies":[{"embeddable":true,"href":"https:\/\/www.docenti.it\/blog\/wp-json\/wp\/v2\/comments?post=7959"}],"version-history":[{"count":10,"href":"https:\/\/www.docenti.it\/blog\/wp-json\/wp\/v2\/posts\/7959\/revisions"}],"predecessor-version":[{"id":7975,"href":"https:\/\/www.docenti.it\/blog\/wp-json\/wp\/v2\/posts\/7959\/revisions\/7975"}],"wp:featuredmedia":[{"embeddable":true,"href":"https:\/\/www.docenti.it\/blog\/wp-json\/wp\/v2\/media\/7962"}],"wp:attachment":[{"href":"https:\/\/www.docenti.it\/blog\/wp-json\/wp\/v2\/media?parent=7959"}],"wp:term":[{"taxonomy":"category","embeddable":true,"href":"https:\/\/www.docenti.it\/blog\/wp-json\/wp\/v2\/categories?post=7959"},{"taxonomy":"post_tag","embeddable":true,"href":"https:\/\/www.docenti.it\/blog\/wp-json\/wp\/v2\/tags?post=7959"}],"curies":[{"name":"wp","href":"https:\/\/api.w.org\/{rel}","templated":true}]}}