{"id":9026,"date":"2021-11-24T10:43:51","date_gmt":"2021-11-24T09:43:51","guid":{"rendered":"https:\/\/www.docenti.it\/blog\/?p=9026"},"modified":"2021-11-24T10:43:51","modified_gmt":"2021-11-24T09:43:51","slug":"obbligo-vaccinale-insegnanti-stop-allo-stipendio-per-i-no-vax","status":"publish","type":"post","link":"https:\/\/www.docenti.it\/blog\/obbligo-vaccinale-insegnanti-stop-allo-stipendio-per-i-no-vax\/","title":{"rendered":"Obbligo vaccinale insegnanti: stop allo stipendio per i no vax?"},"content":{"rendered":"\n<p><strong>Obbligo vaccinale insegnanti<\/strong>: gli insegnanti no vax rischiano lo stipendio? <\/p>\n\n\n\n<p>Le ultime regole per i docenti che non vogliono vaccinarsi.<\/p>\n\n\n\n<!--more-->\n\n\n\n<h2>La situazione contagi in Italia<\/h2>\n\n\n\n<p>Come conseguenza al continuo aumento di contagi in Italia, il Governo sta preparando un piano d&#8217;attacco per contrastare l&#8217;emergenza da Covid-19.<\/p>\n\n\n\n<p>La situazione purtroppo peggiora: siamo oltre 10mila casi, con 90 ricoveri al giorno. <\/p>\n\n\n\n<p>Il premier <strong>Mario Draghi <\/strong>esclude il lockdown per i non vaccinati, ma prevede un nuovo protocollo che concerne soprattutto scuola e dipartimento di difesa e sicurezza. <\/p>\n\n\n\n<p>Vediamo quali sono le ipotesi sulle nuove procedure da attuare.<\/p>\n\n\n\n<pre class=\"wp-block-verse\">Leggi anche: <a href=\"https:\/\/www.docenti.it\/blog\/terza-dose-vaccino-covid-priorita-al-personale-scolastico\/\" target=\"_blank\" rel=\"noreferrer noopener\">Terza dose vaccino Covid: priorit\u00e0 al personale scolastico?<\/a><\/pre>\n\n\n\n<h3>Obbligo vaccinale insegnanti: ipotesi di un nuovo protocollo<\/h3>\n\n\n\n<p>Il Governo vorrebbe imporre l&#8217;<strong>obbligo vaccinale per tutto il personale scolastico <\/strong>e le forze dell&#8217;ordine. <br>Parliamo di circa 1,7 milioni di persone in totale. <\/p>\n\n\n\n<p>I tempi per sottostare a questo obbligo sono brevi: secondo quanto sostiene La Repubblica, gi\u00e0 dal 15 dicembre verr\u00e0 sospeso lo stipendio a tutto il personale scolastico no vax. <\/p>\n\n\n\n<p>Vogliamo sottolineare quanto segue: stiamo parlando di un&#8217;ipotesi, seppur molto vicina alla realt\u00e0. <br>Per il momento, non vi \u00e8 ancora nulla di certo. <br>Nei prossimi giorni sapremo qualcosa di pi\u00f9 a riguardo. <\/p>\n\n\n\n<p>Approfondisci l&#8217;argomento:<\/p>\n\n\n\n<ul><li><a href=\"https:\/\/www.docenti.it\/blog\/vaccino-personale-scolastico-sono-previsti-permessi-retribuiti\/\" target=\"_blank\" rel=\"noreferrer noopener\">Vaccino personale scolastico: sono previsti permessi retribuiti?<\/a><\/li><li><a href=\"https:\/\/www.docenti.it\/blog\/terza-dose-vaccino-covid-quanto-tempo-deve-passare-dopo-la-seconda\/\" target=\"_blank\" rel=\"noreferrer noopener\">Terza dose vaccino Covid: quanto tempo deve passare dopo la seconda.<\/a><\/li><li><a href=\"https:\/\/www.docenti.it\/blog\/vaccino-obbligatorio-studenti-troppe-classi-in-dad-il-green-pass-non-basta\/\" target=\"_blank\" rel=\"noreferrer noopener\">Vaccino obbligatorio studenti: troppe classi in DAD, il Green Pass non basta.<\/a><\/li><\/ul>\n\n\n\n<p>Photo credit: <a href=\"https:\/\/unsplash.com\/\" target=\"_blank\" rel=\"noreferrer noopener\">Unsplash<\/a>. <\/p>\n","protected":false},"excerpt":{"rendered":"<p>Obbligo vaccinale insegnanti: gli insegnanti no vax rischiano lo stipendio? Le ultime regole per [&hellip;]<\/p>\n","protected":false},"author":21,"featured_media":9030,"comment_status":"open","ping_status":"open","sticky":false,"template":"","format":"standard","meta":[],"categories":[4],"tags":[237],"yoast_head":"<!-- This site is optimized with the Yoast SEO plugin v20.4 - https:\/\/yoast.com\/wordpress\/plugins\/seo\/ -->\n<title>Obbligo vaccinale insegnanti: stop allo stipendio per i no vax?<\/title>\n<meta name=\"description\" content=\"Obbligo vaccinale insegnanti: gli insegnanti no vax rischiano lo stipendio? Le ultime regole per i docenti che non vogliono vaccinarsi.\" \/>\n<meta name=\"robots\" content=\"index, follow, max-snippet:-1, max-image-preview:large, max-video-preview:-1\" \/>\n<link rel=\"canonical\" href=\"https:\/\/www.docenti.it\/blog\/obbligo-vaccinale-insegnanti-stop-allo-stipendio-per-i-no-vax\/\" \/>\n<meta property=\"og:locale\" content=\"it_IT\" \/>\n<meta property=\"og:type\" content=\"article\" \/>\n<meta property=\"og:title\" content=\"Obbligo vaccinale insegnanti: stop allo stipendio per i no vax?\" \/>\n<meta property=\"og:description\" content=\"Obbligo vaccinale insegnanti: gli insegnanti no vax rischiano lo stipendio? Le ultime regole per i docenti che non vogliono vaccinarsi.\" \/>\n<meta property=\"og:url\" content=\"https:\/\/www.docenti.it\/blog\/obbligo-vaccinale-insegnanti-stop-allo-stipendio-per-i-no-vax\/\" \/>\n<meta property=\"og:site_name\" content=\"Blog | Docenti.it\" \/>\n<meta property=\"article:publisher\" content=\"https:\/\/www.facebook.com\/docenti.it\" \/>\n<meta property=\"article:author\" content=\"https:\/\/www.facebook.com\/profile.php?id=1555867670\" \/>\n<meta property=\"article:published_time\" content=\"2021-11-24T09:43:51+00:00\" \/>\n<meta property=\"og:image\" content=\"https:\/\/www.docenti.it\/blog\/wp-content\/uploads\/2021\/11\/towfiqu-barbhuiya-j1dzPFts4GU-unsplash.jpg\" \/>\n\t<meta property=\"og:image:width\" content=\"640\" \/>\n\t<meta property=\"og:image:height\" content=\"427\" \/>\n\t<meta property=\"og:image:type\" content=\"image\/jpeg\" \/>\n<meta name=\"author\" content=\"Martina Vaggi\" \/>\n<meta name=\"twitter:card\" content=\"summary_large_image\" \/>\n<meta name=\"twitter:label1\" content=\"Written by\" \/>\n\t<meta name=\"twitter:data1\" content=\"Martina Vaggi\" \/>\n\t<meta name=\"twitter:label2\" content=\"Est. reading time\" \/>\n\t<meta name=\"twitter:data2\" content=\"2 minuti\" \/>\n<script type=\"application\/ld+json\" class=\"yoast-schema-graph\">{\"@context\":\"https:\/\/schema.org\",\"@graph\":[{\"@type\":\"Article\",\"@id\":\"https:\/\/www.docenti.it\/blog\/obbligo-vaccinale-insegnanti-stop-allo-stipendio-per-i-no-vax\/#article\",\"isPartOf\":{\"@id\":\"https:\/\/www.docenti.it\/blog\/obbligo-vaccinale-insegnanti-stop-allo-stipendio-per-i-no-vax\/\"},\"author\":{\"name\":\"Martina Vaggi\",\"@id\":\"https:\/\/www.docenti.it\/blog\/#\/schema\/person\/99c2fdaf54e96829fe4ed44da8233688\"},\"headline\":\"Obbligo vaccinale insegnanti: stop allo stipendio per i no vax?\",\"datePublished\":\"2021-11-24T09:43:51+00:00\",\"dateModified\":\"2021-11-24T09:43:51+00:00\",\"mainEntityOfPage\":{\"@id\":\"https:\/\/www.docenti.it\/blog\/obbligo-vaccinale-insegnanti-stop-allo-stipendio-per-i-no-vax\/\"},\"wordCount\":229,\"commentCount\":0,\"publisher\":{\"@id\":\"https:\/\/www.docenti.it\/blog\/#organization\"},\"keywords\":[\"vaccino scuola\"],\"articleSection\":[\"News\"],\"inLanguage\":\"it-IT\",\"potentialAction\":[{\"@type\":\"CommentAction\",\"name\":\"Comment\",\"target\":[\"https:\/\/www.docenti.it\/blog\/obbligo-vaccinale-insegnanti-stop-allo-stipendio-per-i-no-vax\/#respond\"]}]},{\"@type\":\"WebPage\",\"@id\":\"https:\/\/www.docenti.it\/blog\/obbligo-vaccinale-insegnanti-stop-allo-stipendio-per-i-no-vax\/\",\"url\":\"https:\/\/www.docenti.it\/blog\/obbligo-vaccinale-insegnanti-stop-allo-stipendio-per-i-no-vax\/\",\"name\":\"Obbligo vaccinale insegnanti: stop allo stipendio per i no vax?\",\"isPartOf\":{\"@id\":\"https:\/\/www.docenti.it\/blog\/#website\"},\"datePublished\":\"2021-11-24T09:43:51+00:00\",\"dateModified\":\"2021-11-24T09:43:51+00:00\",\"description\":\"Obbligo vaccinale insegnanti: gli insegnanti no vax rischiano lo stipendio? Le ultime regole per i docenti che non vogliono vaccinarsi.\",\"breadcrumb\":{\"@id\":\"https:\/\/www.docenti.it\/blog\/obbligo-vaccinale-insegnanti-stop-allo-stipendio-per-i-no-vax\/#breadcrumb\"},\"inLanguage\":\"it-IT\",\"potentialAction\":[{\"@type\":\"ReadAction\",\"target\":[\"https:\/\/www.docenti.it\/blog\/obbligo-vaccinale-insegnanti-stop-allo-stipendio-per-i-no-vax\/\"]}]},{\"@type\":\"BreadcrumbList\",\"@id\":\"https:\/\/www.docenti.it\/blog\/obbligo-vaccinale-insegnanti-stop-allo-stipendio-per-i-no-vax\/#breadcrumb\",\"itemListElement\":[{\"@type\":\"ListItem\",\"position\":1,\"name\":\"Home\",\"item\":\"https:\/\/www.docenti.it\/blog\/\"},{\"@type\":\"ListItem\",\"position\":2,\"name\":\"Obbligo vaccinale insegnanti: stop allo stipendio per i no vax?\"}]},{\"@type\":\"WebSite\",\"@id\":\"https:\/\/www.docenti.it\/blog\/#website\",\"url\":\"https:\/\/www.docenti.it\/blog\/\",\"name\":\"Blog | Docenti.it\",\"description\":\"Tutte le notizie e gli aggiornamenti dal mondo della scuola\",\"publisher\":{\"@id\":\"https:\/\/www.docenti.it\/blog\/#organization\"},\"potentialAction\":[{\"@type\":\"SearchAction\",\"target\":{\"@type\":\"EntryPoint\",\"urlTemplate\":\"https:\/\/www.docenti.it\/blog\/?s={search_term_string}\"},\"query-input\":\"required name=search_term_string\"}],\"inLanguage\":\"it-IT\"},{\"@type\":\"Organization\",\"@id\":\"https:\/\/www.docenti.it\/blog\/#organization\",\"name\":\"Blog | Docenti.it\",\"url\":\"https:\/\/www.docenti.it\/blog\/\",\"logo\":{\"@type\":\"ImageObject\",\"inLanguage\":\"it-IT\",\"@id\":\"https:\/\/www.docenti.it\/blog\/#\/schema\/logo\/image\/\",\"url\":\"https:\/\/www.docenti.it\/blog\/wp-content\/uploads\/2025\/06\/fb_mad_img.png\",\"contentUrl\":\"https:\/\/www.docenti.it\/blog\/wp-content\/uploads\/2025\/06\/fb_mad_img.png\",\"width\":1140,\"height\":620,\"caption\":\"Blog | Docenti.it\"},\"image\":{\"@id\":\"https:\/\/www.docenti.it\/blog\/#\/schema\/logo\/image\/\"},\"sameAs\":[\"https:\/\/www.facebook.com\/docenti.it\"]},{\"@type\":\"Person\",\"@id\":\"https:\/\/www.docenti.it\/blog\/#\/schema\/person\/99c2fdaf54e96829fe4ed44da8233688\",\"name\":\"Martina Vaggi\",\"image\":{\"@type\":\"ImageObject\",\"inLanguage\":\"it-IT\",\"@id\":\"https:\/\/www.docenti.it\/blog\/#\/schema\/person\/image\/\",\"url\":\"https:\/\/secure.gravatar.com\/avatar\/14a13197979873d693ad915d249e3f54?s=96&d=mm&r=g\",\"contentUrl\":\"https:\/\/secure.gravatar.com\/avatar\/14a13197979873d693ad915d249e3f54?s=96&d=mm&r=g\",\"caption\":\"Martina Vaggi\"},\"description\":\"Classe 1991, copywriter e scrittrice. Nata a Sale, un paesino in provincia di Alessandria. Scrive dall\u2019et\u00e0 di 10 anni. Nel 2015 si laurea in Lettere Moderne presso l\u2019universit\u00e0 di Pavia. Nel 2020 pubblica il suo primo libro \\\"Il diario del silenzio - Storie reali di quarantena\\\" che descrive il processo di cambiamento della vita di 40 persone ai tempi del Covid. Nel 2022 si trasferisce a San Marino per lavorare come copywriter per Docenti.it\",\"sameAs\":[\"https:\/\/pensierisurrealidigentecomune.com\/\",\"https:\/\/www.facebook.com\/profile.php?id=1555867670\",\"https:\/\/www.instagram.com\/martiggi91\/\",\"https:\/\/it.linkedin.com\/in\/martina-vaggi\",\"https:\/\/www.youtube.com\/results?search_query=martina+vaggi\"],\"url\":\"https:\/\/www.docenti.it\/blog\/author\/martina-vaggi\/\"}]}<\/script>\n<!-- \/ Yoast SEO plugin. -->","yoast_head_json":{"title":"Obbligo vaccinale insegnanti: stop allo stipendio per i no vax?","description":"Obbligo vaccinale insegnanti: gli insegnanti no vax rischiano lo stipendio? Le ultime regole per i docenti che non vogliono vaccinarsi.","robots":{"index":"index","follow":"follow","max-snippet":"max-snippet:-1","max-image-preview":"max-image-preview:large","max-video-preview":"max-video-preview:-1"},"canonical":"https:\/\/www.docenti.it\/blog\/obbligo-vaccinale-insegnanti-stop-allo-stipendio-per-i-no-vax\/","og_locale":"it_IT","og_type":"article","og_title":"Obbligo vaccinale insegnanti: stop allo stipendio per i no vax?","og_description":"Obbligo vaccinale insegnanti: gli insegnanti no vax rischiano lo stipendio? Le ultime regole per i docenti che non vogliono vaccinarsi.","og_url":"https:\/\/www.docenti.it\/blog\/obbligo-vaccinale-insegnanti-stop-allo-stipendio-per-i-no-vax\/","og_site_name":"Blog | Docenti.it","article_publisher":"https:\/\/www.facebook.com\/docenti.it","article_author":"https:\/\/www.facebook.com\/profile.php?id=1555867670","article_published_time":"2021-11-24T09:43:51+00:00","og_image":[{"width":640,"height":427,"url":"https:\/\/www.docenti.it\/blog\/wp-content\/uploads\/2021\/11\/towfiqu-barbhuiya-j1dzPFts4GU-unsplash.jpg","type":"image\/jpeg"}],"author":"Martina Vaggi","twitter_card":"summary_large_image","twitter_misc":{"Written by":"Martina Vaggi","Est. reading time":"2 minuti"},"schema":{"@context":"https:\/\/schema.org","@graph":[{"@type":"Article","@id":"https:\/\/www.docenti.it\/blog\/obbligo-vaccinale-insegnanti-stop-allo-stipendio-per-i-no-vax\/#article","isPartOf":{"@id":"https:\/\/www.docenti.it\/blog\/obbligo-vaccinale-insegnanti-stop-allo-stipendio-per-i-no-vax\/"},"author":{"name":"Martina Vaggi","@id":"https:\/\/www.docenti.it\/blog\/#\/schema\/person\/99c2fdaf54e96829fe4ed44da8233688"},"headline":"Obbligo vaccinale insegnanti: stop allo stipendio per i no vax?","datePublished":"2021-11-24T09:43:51+00:00","dateModified":"2021-11-24T09:43:51+00:00","mainEntityOfPage":{"@id":"https:\/\/www.docenti.it\/blog\/obbligo-vaccinale-insegnanti-stop-allo-stipendio-per-i-no-vax\/"},"wordCount":229,"commentCount":0,"publisher":{"@id":"https:\/\/www.docenti.it\/blog\/#organization"},"keywords":["vaccino scuola"],"articleSection":["News"],"inLanguage":"it-IT","potentialAction":[{"@type":"CommentAction","name":"Comment","target":["https:\/\/www.docenti.it\/blog\/obbligo-vaccinale-insegnanti-stop-allo-stipendio-per-i-no-vax\/#respond"]}]},{"@type":"WebPage","@id":"https:\/\/www.docenti.it\/blog\/obbligo-vaccinale-insegnanti-stop-allo-stipendio-per-i-no-vax\/","url":"https:\/\/www.docenti.it\/blog\/obbligo-vaccinale-insegnanti-stop-allo-stipendio-per-i-no-vax\/","name":"Obbligo vaccinale insegnanti: stop allo stipendio per i no vax?","isPartOf":{"@id":"https:\/\/www.docenti.it\/blog\/#website"},"datePublished":"2021-11-24T09:43:51+00:00","dateModified":"2021-11-24T09:43:51+00:00","description":"Obbligo vaccinale insegnanti: gli insegnanti no vax rischiano lo stipendio? Le ultime regole per i docenti che non vogliono vaccinarsi.","breadcrumb":{"@id":"https:\/\/www.docenti.it\/blog\/obbligo-vaccinale-insegnanti-stop-allo-stipendio-per-i-no-vax\/#breadcrumb"},"inLanguage":"it-IT","potentialAction":[{"@type":"ReadAction","target":["https:\/\/www.docenti.it\/blog\/obbligo-vaccinale-insegnanti-stop-allo-stipendio-per-i-no-vax\/"]}]},{"@type":"BreadcrumbList","@id":"https:\/\/www.docenti.it\/blog\/obbligo-vaccinale-insegnanti-stop-allo-stipendio-per-i-no-vax\/#breadcrumb","itemListElement":[{"@type":"ListItem","position":1,"name":"Home","item":"https:\/\/www.docenti.it\/blog\/"},{"@type":"ListItem","position":2,"name":"Obbligo vaccinale insegnanti: stop allo stipendio per i no vax?"}]},{"@type":"WebSite","@id":"https:\/\/www.docenti.it\/blog\/#website","url":"https:\/\/www.docenti.it\/blog\/","name":"Blog | Docenti.it","description":"Tutte le notizie e gli aggiornamenti dal mondo della scuola","publisher":{"@id":"https:\/\/www.docenti.it\/blog\/#organization"},"potentialAction":[{"@type":"SearchAction","target":{"@type":"EntryPoint","urlTemplate":"https:\/\/www.docenti.it\/blog\/?s={search_term_string}"},"query-input":"required name=search_term_string"}],"inLanguage":"it-IT"},{"@type":"Organization","@id":"https:\/\/www.docenti.it\/blog\/#organization","name":"Blog | Docenti.it","url":"https:\/\/www.docenti.it\/blog\/","logo":{"@type":"ImageObject","inLanguage":"it-IT","@id":"https:\/\/www.docenti.it\/blog\/#\/schema\/logo\/image\/","url":"https:\/\/www.docenti.it\/blog\/wp-content\/uploads\/2025\/06\/fb_mad_img.png","contentUrl":"https:\/\/www.docenti.it\/blog\/wp-content\/uploads\/2025\/06\/fb_mad_img.png","width":1140,"height":620,"caption":"Blog | Docenti.it"},"image":{"@id":"https:\/\/www.docenti.it\/blog\/#\/schema\/logo\/image\/"},"sameAs":["https:\/\/www.facebook.com\/docenti.it"]},{"@type":"Person","@id":"https:\/\/www.docenti.it\/blog\/#\/schema\/person\/99c2fdaf54e96829fe4ed44da8233688","name":"Martina Vaggi","image":{"@type":"ImageObject","inLanguage":"it-IT","@id":"https:\/\/www.docenti.it\/blog\/#\/schema\/person\/image\/","url":"https:\/\/secure.gravatar.com\/avatar\/14a13197979873d693ad915d249e3f54?s=96&d=mm&r=g","contentUrl":"https:\/\/secure.gravatar.com\/avatar\/14a13197979873d693ad915d249e3f54?s=96&d=mm&r=g","caption":"Martina Vaggi"},"description":"Classe 1991, copywriter e scrittrice. Nata a Sale, un paesino in provincia di Alessandria. Scrive dall\u2019et\u00e0 di 10 anni. Nel 2015 si laurea in Lettere Moderne presso l\u2019universit\u00e0 di Pavia. Nel 2020 pubblica il suo primo libro \"Il diario del silenzio - Storie reali di quarantena\" che descrive il processo di cambiamento della vita di 40 persone ai tempi del Covid. Nel 2022 si trasferisce a San Marino per lavorare come copywriter per Docenti.it","sameAs":["https:\/\/pensierisurrealidigentecomune.com\/","https:\/\/www.facebook.com\/profile.php?id=1555867670","https:\/\/www.instagram.com\/martiggi91\/","https:\/\/it.linkedin.com\/in\/martina-vaggi","https:\/\/www.youtube.com\/results?search_query=martina+vaggi"],"url":"https:\/\/www.docenti.it\/blog\/author\/martina-vaggi\/"}]}},"_links":{"self":[{"href":"https:\/\/www.docenti.it\/blog\/wp-json\/wp\/v2\/posts\/9026"}],"collection":[{"href":"https:\/\/www.docenti.it\/blog\/wp-json\/wp\/v2\/posts"}],"about":[{"href":"https:\/\/www.docenti.it\/blog\/wp-json\/wp\/v2\/types\/post"}],"author":[{"embeddable":true,"href":"https:\/\/www.docenti.it\/blog\/wp-json\/wp\/v2\/users\/21"}],"replies":[{"embeddable":true,"href":"https:\/\/www.docenti.it\/blog\/wp-json\/wp\/v2\/comments?post=9026"}],"version-history":[{"count":24,"href":"https:\/\/www.docenti.it\/blog\/wp-json\/wp\/v2\/posts\/9026\/revisions"}],"predecessor-version":[{"id":9063,"href":"https:\/\/www.docenti.it\/blog\/wp-json\/wp\/v2\/posts\/9026\/revisions\/9063"}],"wp:featuredmedia":[{"embeddable":true,"href":"https:\/\/www.docenti.it\/blog\/wp-json\/wp\/v2\/media\/9030"}],"wp:attachment":[{"href":"https:\/\/www.docenti.it\/blog\/wp-json\/wp\/v2\/media?parent=9026"}],"wp:term":[{"taxonomy":"category","embeddable":true,"href":"https:\/\/www.docenti.it\/blog\/wp-json\/wp\/v2\/categories?post=9026"},{"taxonomy":"post_tag","embeddable":true,"href":"https:\/\/www.docenti.it\/blog\/wp-json\/wp\/v2\/tags?post=9026"}],"curies":[{"name":"wp","href":"https:\/\/api.w.org\/{rel}","templated":true}]}}