{"id":9499,"date":"2021-12-01T07:41:00","date_gmt":"2021-12-01T06:41:00","guid":{"rendered":"https:\/\/www.docenti.it\/blog\/?p=9499"},"modified":"2021-12-06T18:03:38","modified_gmt":"2021-12-06T17:03:38","slug":"assunzione-precari-scuola-ecco-perche-dovresti-inviare-la-tua-mad-ora","status":"publish","type":"post","link":"https:\/\/www.docenti.it\/blog\/assunzione-precari-scuola-ecco-perche-dovresti-inviare-la-tua-mad-ora\/","title":{"rendered":"Assunzione precari scuola: ecco perch\u00e9 dovresti inviare la tua MAD ora!"},"content":{"rendered":"\n<p>Ultime novit\u00e0 riguardo l<strong>&#8216;assunzione precari scuola<\/strong>: uno dei periodi pi\u00f9 favorevoli per le convocazioni da MAD si sta avvicinando.<\/p>\n\n\n\n<p>Il mese di dicembre rappresenta uno dei periodi migliori nei quali candidarsi per inviare la propria <strong>domanda di Messa a Disposizione<\/strong>.<\/p>\n\n\n\n<p>Ecco perch\u00e9.<\/p>\n\n\n\n<!--more-->\n\n\n\n<h2>Assunzione precari scuola: cosa succede a dicembre<\/h2>\n\n\n\n<p>Dicembre \u00e8 un mese solitamente amato da tutti, chi pi\u00f9 chi meno. <br>Siamo abituati a considerarlo il mese del Natale, dei regali, delle temperature pungenti e, in generale, del tempo che possiamo spendere con la nostra famiglia. <\/p>\n\n\n\n<p>Ma, per il mondo della scuola, dicembre \u00e8 molto pi\u00f9 di questo. <br>In questo periodo, infatti, sono molti i docenti che approfittano del periodo di ferie per poter tornare dalla propria famiglia. Partiamo da questo presupposto, dal momento che molti docenti che lavorano nella scuola solitamente si sono dovuti spostare dal sud Italia per andare a ricoprire le cattedre del nord, che sono ben pi\u00f9 numerose rispetto a quelle del sud. <\/p>\n\n\n\n<p>Considerando il fatto che sono in molti i docenti a tornare nei propri luoghi d&#8217;origine durante le vacanze natalizie, questo significa una cosa soltanto: <strong>molte cattedre rimangono scoperte anche dopo le feste di Natale. <\/strong><\/p>\n\n\n\n<p><em>Perch\u00e9 diciamo questo?<\/em><\/p>\n\n\n\n<p>Perch\u00e9 molti docenti spesso ritardano il momento in cui tornano al lavoro, anche ben oltre la data di scadenza delle settimane di ferie per le festivit\u00e0 natalizie. <\/p>\n\n\n\n<p>Ecco perch\u00e9 diciamo che questo rappresenta <a href=\"https:\/\/www.docenti.it\/blog\/messa-a-disposizione-5-periodi-migliori-per-inviarla\/\" target=\"_blank\" rel=\"noreferrer noopener\">uno dei periodi migliori<\/a> in cui candidarti come supplente con la domanda di <strong>Messa a Disposizione<\/strong>. <\/p>\n\n\n\n<p>Gli aspiranti docenti che hanno gi\u00e0 ricoperto incarichi di supplenza in passato, questo gi\u00e0 lo sanno: ecco perch\u00e9 solitamente approfittano delle vacanze natalizie per <strong>inviare la loro MAD<\/strong>. <\/p>\n\n\n\n<p>Proprio perch\u00e9 noi siamo a conoscenza di questo fatto, ti consigliamo di avvantaggiarti rispetto a loro e <strong>ti inviare la tua MAD gi\u00e0 in questo periodo.<\/strong><br>Cos\u00ec facendo, potrai posizionarti tra le prime candidature che arriveranno e che i Dirigenti Scolastici avranno sottomano quando andranno a convocare i supplenti. <\/p>\n\n\n<p>[maxbutton id=&#8221;1&#8243; url=&#8221;https:\/\/www.docenti.it\/messa-a-disposizione.html?lnk=104&#8243; text=&#8221;Invia la tua MAD online&#8221; ]<\/p>\n\n\n\n<p><\/p>\n\n\n\n<h2>Che cos\u2019\u00e8 la domanda di Messa a Disposizione<\/h2>\n\n\n\n<p>Se hai gi\u00e0 lavorato nel mondo scuola, saprai gi\u00e0 che cos\u2019\u00e8 una domanda di <strong>Messa a Disposizione<\/strong> e a cosa serve. <br>In quel caso, quello che ti diremo in questo paragrafo non rappresenter\u00e0 nulla di nuovo per te (ma prova a leggere i paragrafi successivi: siamo certi che troverai sicuramente quale notizia molto importante per il tuo futuro come docente). <br>Se, invece, sei nuovo del mestiere, ti spieghiamo brevemente di che cosa stiamo parlando. <\/p>\n\n\n\n<p><strong>La domanda di Messa a Disposizione<\/strong> (MAD) \u00e8 un curriculum che un singolo invia ad un istituto pubblico per candidarsi come supplente nella scuola. <br>\u00c8 possibile candidarsi sia come docente che come <strong>personale ATA<\/strong> (il personale amministrativo, tecnico e ausiliario che lavora negli istituti scolastici). <\/p>\n\n\n\n<p>Inviando la tua<strong> domanda di Messa a Disposizione<\/strong>, potrai ottenere sia incarichi di supplenza lunghi (che ricoprano l&#8217;intero anno scolastico) sia brevi (supplente di qualche mese o settimana). <\/p>\n\n\n\n<p>Solitamente, per poter inviare la MAD sono richiesti determinati requisiti (li abbiamo indicati in maniera approfondita in <a href=\"https:\/\/www.docenti.it\/blog\/i-4-tipi-di-mad-scuola-e-i-requisiti-per-inviarla\/\" target=\"_blank\" rel=\"noreferrer noopener\">questo articolo<\/a>). <\/p>\n\n\n\n<p>Ma, vista la continua richiesta e necessit\u00e0 di docenti negli istituti scolastici, <strong>spesso e volentieri vengono considerate anche candidature che non possiedono ancora tutti i requisiti necessari. <\/strong><\/p>\n\n\n<p>[maxbutton id=&#8221;1&#8243; url=&#8221;https:\/\/www.docenti.it\/messa-a-disposizione.html?lnk=104&#8243; text=&#8221;Invia la tua MAD online&#8221; ]<\/p>\n\n\n\n<p><\/p>\n\n\n\n<h3>Messa a Disposizione senza Laurea magistrale<\/h3>\n\n\n\n<p><em>Posso inviare la MAD anche se possiedo solo la Laurea triennale?<\/em><\/p>\n\n\n\n<p>Ecco un esempio di domanda che ci viene posta spesso dai nostri clienti. <br>La risposta \u00e8: s\u00ec.<br><strong>La MAD pu\u00f2 essere inviata anche senza la Laurea magistrale. <\/strong><\/p>\n\n\n\n<p>Per correttezza, per\u00f2, dobbiamo sottolineare quanto segue: le scuole danno sempre la precedenza a chi possiede la Laurea magistrale. Questo perch\u00e9 una Laurea magistrale conferisce accesso ad una o pi\u00f9 Classi di Concorso: la Laurea triennale no. <\/p>\n\n\n\n<p>Spesso, per\u00f2, le scuole si ritrovano a convocare docenti che si sono candidati con la MAD pur avendo solo la Laurea triennale. Questo capita soprattutto <strong>per quanto riguarda il sostegno<\/strong>. <\/p>\n\n\n\n<p>Il problema qui, \u00e8 piuttosto rilevante, perch\u00e9 per insegnare sul sostegno sarebbe necessaria l&#8217;abilitazione adeguata.<br>Il problema \u00e8 che mancano i docenti che la possiedono: di conseguenza, <strong>tutti gli anni le scuole si ritrovano senza insegnanti di sostegno. <\/strong><\/p>\n\n\n\n<p><em>E dove li cercano?<\/em><\/p>\n\n\n\n<p>Tra le domande di Messa a Disposizione che pervengono alle scuole. <\/p>\n\n\n<p>[maxbutton id=&#8221;1&#8243; url=&#8221;https:\/\/www.docenti.it\/messa-a-disposizione.html?lnk=104&#8243; text=&#8221;Invia la tua MAD online&#8221; ]<\/p>\n\n\n\n<p><\/p>\n\n\n\n<h3>Messa a Disposizione province: in quali \u00e8 meglio candidarsi?<\/h3>\n\n\n\n<p>Ecco un&#8217;altra domanda che i nostri clienti ci pongono spesso.<\/p>\n\n\n\n<p><em>Dove posso candidarmi per avere maggiori possibilit\u00e0 di essere convocato?<\/em><\/p>\n\n\n\n<p>Esistono diverse province nelle quali vi sono maggiori possibilit\u00e0 di ottenere una supplenza. <br>Solitamente, noi consigliamo di<strong> inviare la MAD<\/strong> <strong>nelle province minori e di evitare le grandi citt\u00e0<\/strong> (ad esempio: Milano e Roma). <\/p>\n\n\n\n<p>Questo perch\u00e9 solitamente nelle province pi\u00f9 grandi vi sono molti istituti ma anche molti docenti che si candidano: di conseguenza, la concorrenza \u00e8 nettamente maggiore rispetto alle citt\u00e0 e province pi\u00f9 piccole. <\/p>\n\n\n\n<p>Ne abbiamo parlato in maniera approfondita in <a href=\"https:\/\/www.docenti.it\/blog\/ecco-le-20-migliori-province-dove-conviene-inviare-mad\/\" target=\"_blank\" rel=\"noreferrer noopener\">questo articolo<\/a>. <\/p>\n\n\n\n<h2>Come compilare la MAD?<\/h2>\n\n\n\n<p>Veniamo ora all&#8217;ultima questione di cui vorremmo parlarti con questo articolo. <\/p>\n\n\n\n<p>In principio abbiamo sottolineato il fatto che <strong>dicembre rappresenti uno dei mesi pi\u00f9 favorevoli per convocarsi con la domanda di Messa a Disposizione. <\/strong><\/p>\n\n\n\n<p>Ora vogliamo spiegarti qual \u00e8 il metodo migliore per potersi candidare con la MAD.<\/p>\n\n\n\n<p>La domanda di Messa a Disposizione pu\u00f2 essere compilata anche in maniera autonoma. <br>Se la compili da solo potrai farlo gratuitamente, questo \u00e8 vero.<br>Per\u00f2, dovrai impegnarti molto e avere a disposizione un\u2019infinit\u00e0 di tempo.<\/p>\n\n\n\n<p><em>Sai perch\u00e9?<\/em><\/p>\n\n\n\n<p>Perch\u00e9 dovrai ricercare gli indirizzi mail di ogni istituto scolastico dove vorrai candidarti e andare sui loro siti, dove potrai inviare la tua candidatura una per una. <\/p>\n\n\n\n<p>Immagina doverti candidare su Roma o su Firenze. <br>Probabilmente inizieresti oggi e finiresti a gennaio. <br>Questa \u00e8 una previsione che facciamo tenendo conto che tu abbia una vita da vivere, nel mezzo. <br>E non un sacco di tempo da perdere. <\/p>\n\n\n\n<p>Per\u00f2, <strong>se vuoi risparmiare tempo e fatica, per te esiste un&#8217;altra soluzione. <\/strong><\/p>\n\n\n\n<p>Ad esempio: puoi compilare la tua MAD su <strong>Docenti.it<\/strong>, una piattaforma che <strong>invia la tua domanda in maniera automatica a tutti gli istituti della provincia da te selezionata. <\/strong><br>Dopodich\u00e9 verrai ricontattato da un consulente (entro 24h lavorative) che riepilogher\u00e0 la tua MAD, correggendola da eventuali errori e la invier\u00e0 agli istituti. <\/p>\n\n\n\n<p>Successivamente, il consulente che si \u00e8 occupato della tua MAD avr\u00e0 premura di inviarti un <strong>report con indicate tutte le scuole che hanno ricevuto la tua MAD. <\/strong><br>Inoltre,<strong> verrai inserito gratuitamente sull&#8217;Elenco Nazionale Supplenti<\/strong>, una piattaforma consultata da pi\u00f9 di 12mila istituti, sia pubblici che privati. <\/p>\n\n\n\n<p>Come puoi vedere,<strong> i vantaggi di inviare la tua Messa a Disposizione con il nostro servizio di Invio MAD online<\/strong> sono maggiori rispetto alla scomodit\u00e0 di compilarla in maniera autonoma. <\/p>\n\n\n\n<p>Abbiamo pi\u00f9 volte sottolineato quanto dicembre sia un mese molto importante perch\u00e9 aumenta le tue possibilit\u00e0 di essere convocato come supplente. <\/p>\n\n\n\n<p>Oggi \u00e8 il primo giorno di dicembre. <\/p>\n\n\n\n<p class=\"has-text-align-center\"><strong>Cos&#8217;aspetti?<\/strong><\/p>\n\n\n<p>[maxbutton id=&#8221;1&#8243; url=&#8221;https:\/\/www.docenti.it\/messa-a-disposizione.html?lnk=104&#8243; text=&#8221;Invia la tua MAD online&#8221; ]<\/p>\n\n\n\n<p><\/p>\n\n\n\n<p>Leggi anche:<\/p>\n\n\n\n<ul><li><a href=\"https:\/\/www.docenti.it\/blog\/assunzione-precari-scuola-invii-la-tua-mad-ma-non-vieni-convocato-perche\/\" target=\"_blank\" rel=\"noreferrer noopener\">Assunzione precari scuola: invii la tua MAD ma non vieni convocato. Perch\u00e9?<\/a><\/li><li><a href=\"https:\/\/www.docenti.it\/blog\/ultime-notizie-precari-scuola-invia-la-tua-mad-anche-con-laurea-triennale\/\" target=\"_blank\" rel=\"noreferrer noopener\">Ultime notizie precari scuola: invia la tua MAD anche con Laurea triennale.<\/a><\/li><li><a href=\"https:\/\/www.docenti.it\/blog\/assunzione-precari-scuola-gli-istituti-cercano-supplenti-al-nord-italia\/\" target=\"_blank\" rel=\"noreferrer noopener\">Assunzione precari scuola: gli istituti cercano supplenti al nord Italia.<\/a><\/li><li><a href=\"https:\/\/www.docenti.it\/blog\/messa-a-disposizione-3-consigli-utili-per-rendere-efficace-la-tua-mad\/\" target=\"_blank\" rel=\"noreferrer noopener\">Messa a Disposizione: 3 consigli utili per rendere efficace la tua MAD.<\/a><\/li><\/ul>\n\n\n\n<p>Photo credit: <a href=\"https:\/\/unsplash.com\/\" target=\"_blank\" rel=\"noreferrer noopener\">Unsplash<\/a>. <\/p>\n","protected":false},"excerpt":{"rendered":"<p>Ultime novit\u00e0 riguardo l&#8216;assunzione precari scuola: uno dei periodi pi\u00f9 favorevoli per le convocazioni [&hellip;]<\/p>\n","protected":false},"author":21,"featured_media":9502,"comment_status":"open","ping_status":"open","sticky":false,"template":"","format":"standard","meta":[],"categories":[2],"tags":[26],"yoast_head":"<!-- This site is optimized with the Yoast SEO plugin v20.4 - https:\/\/yoast.com\/wordpress\/plugins\/seo\/ -->\n<title>Assunzione precari scuola: ecco perch\u00e9 dovresti inviare la tua MAD ora!<\/title>\n<meta name=\"description\" content=\"Ultime novit\u00e0 riguardo l&#039;assunzione precari scuola: uno dei periodi pi\u00f9 favorevoli per le convocazioni da MAD si sta avvicinando.\" \/>\n<meta name=\"robots\" content=\"index, follow, max-snippet:-1, max-image-preview:large, max-video-preview:-1\" \/>\n<link rel=\"canonical\" href=\"https:\/\/www.docenti.it\/blog\/assunzione-precari-scuola-ecco-perche-dovresti-inviare-la-tua-mad-ora\/\" \/>\n<meta property=\"og:locale\" content=\"it_IT\" \/>\n<meta property=\"og:type\" content=\"article\" \/>\n<meta property=\"og:title\" content=\"Assunzione precari scuola: ecco perch\u00e9 dovresti inviare la tua MAD ora!\" \/>\n<meta property=\"og:description\" content=\"Ultime novit\u00e0 riguardo l&#039;assunzione precari scuola: uno dei periodi pi\u00f9 favorevoli per le convocazioni da MAD si sta avvicinando.\" \/>\n<meta property=\"og:url\" content=\"https:\/\/www.docenti.it\/blog\/assunzione-precari-scuola-ecco-perche-dovresti-inviare-la-tua-mad-ora\/\" \/>\n<meta property=\"og:site_name\" content=\"Blog | Docenti.it\" \/>\n<meta property=\"article:publisher\" content=\"https:\/\/www.facebook.com\/docenti.it\" \/>\n<meta property=\"article:author\" content=\"https:\/\/www.facebook.com\/profile.php?id=1555867670\" \/>\n<meta property=\"article:published_time\" content=\"2021-12-01T06:41:00+00:00\" \/>\n<meta property=\"article:modified_time\" content=\"2021-12-06T17:03:38+00:00\" \/>\n<meta property=\"og:image\" content=\"https:\/\/www.docenti.it\/blog\/wp-content\/uploads\/2021\/11\/marvin-meyer-SYTO3xs06fU-unsplash.jpg\" \/>\n\t<meta property=\"og:image:width\" content=\"640\" \/>\n\t<meta property=\"og:image:height\" content=\"427\" \/>\n\t<meta property=\"og:image:type\" content=\"image\/jpeg\" \/>\n<meta name=\"author\" content=\"Martina Vaggi\" \/>\n<meta name=\"twitter:card\" content=\"summary_large_image\" \/>\n<meta name=\"twitter:label1\" content=\"Written by\" \/>\n\t<meta name=\"twitter:data1\" content=\"Martina Vaggi\" \/>\n\t<meta name=\"twitter:label2\" content=\"Est. reading time\" \/>\n\t<meta name=\"twitter:data2\" content=\"6 minuti\" \/>\n<script type=\"application\/ld+json\" class=\"yoast-schema-graph\">{\"@context\":\"https:\/\/schema.org\",\"@graph\":[{\"@type\":\"Article\",\"@id\":\"https:\/\/www.docenti.it\/blog\/assunzione-precari-scuola-ecco-perche-dovresti-inviare-la-tua-mad-ora\/#article\",\"isPartOf\":{\"@id\":\"https:\/\/www.docenti.it\/blog\/assunzione-precari-scuola-ecco-perche-dovresti-inviare-la-tua-mad-ora\/\"},\"author\":{\"name\":\"Martina Vaggi\",\"@id\":\"https:\/\/www.docenti.it\/blog\/#\/schema\/person\/99c2fdaf54e96829fe4ed44da8233688\"},\"headline\":\"Assunzione precari scuola: ecco perch\u00e9 dovresti inviare la tua MAD ora!\",\"datePublished\":\"2021-12-01T06:41:00+00:00\",\"dateModified\":\"2021-12-06T17:03:38+00:00\",\"mainEntityOfPage\":{\"@id\":\"https:\/\/www.docenti.it\/blog\/assunzione-precari-scuola-ecco-perche-dovresti-inviare-la-tua-mad-ora\/\"},\"wordCount\":1226,\"commentCount\":0,\"publisher\":{\"@id\":\"https:\/\/www.docenti.it\/blog\/#organization\"},\"keywords\":[\"MAD online\"],\"articleSection\":[\"Messa a Disposizione\"],\"inLanguage\":\"it-IT\",\"potentialAction\":[{\"@type\":\"CommentAction\",\"name\":\"Comment\",\"target\":[\"https:\/\/www.docenti.it\/blog\/assunzione-precari-scuola-ecco-perche-dovresti-inviare-la-tua-mad-ora\/#respond\"]}]},{\"@type\":\"WebPage\",\"@id\":\"https:\/\/www.docenti.it\/blog\/assunzione-precari-scuola-ecco-perche-dovresti-inviare-la-tua-mad-ora\/\",\"url\":\"https:\/\/www.docenti.it\/blog\/assunzione-precari-scuola-ecco-perche-dovresti-inviare-la-tua-mad-ora\/\",\"name\":\"Assunzione precari scuola: ecco perch\u00e9 dovresti inviare la tua MAD ora!\",\"isPartOf\":{\"@id\":\"https:\/\/www.docenti.it\/blog\/#website\"},\"datePublished\":\"2021-12-01T06:41:00+00:00\",\"dateModified\":\"2021-12-06T17:03:38+00:00\",\"description\":\"Ultime novit\u00e0 riguardo l'assunzione precari scuola: uno dei periodi pi\u00f9 favorevoli per le convocazioni da MAD si sta avvicinando.\",\"breadcrumb\":{\"@id\":\"https:\/\/www.docenti.it\/blog\/assunzione-precari-scuola-ecco-perche-dovresti-inviare-la-tua-mad-ora\/#breadcrumb\"},\"inLanguage\":\"it-IT\",\"potentialAction\":[{\"@type\":\"ReadAction\",\"target\":[\"https:\/\/www.docenti.it\/blog\/assunzione-precari-scuola-ecco-perche-dovresti-inviare-la-tua-mad-ora\/\"]}]},{\"@type\":\"BreadcrumbList\",\"@id\":\"https:\/\/www.docenti.it\/blog\/assunzione-precari-scuola-ecco-perche-dovresti-inviare-la-tua-mad-ora\/#breadcrumb\",\"itemListElement\":[{\"@type\":\"ListItem\",\"position\":1,\"name\":\"Home\",\"item\":\"https:\/\/www.docenti.it\/blog\/\"},{\"@type\":\"ListItem\",\"position\":2,\"name\":\"Assunzione precari scuola: ecco perch\u00e9 dovresti inviare la tua MAD ora!\"}]},{\"@type\":\"WebSite\",\"@id\":\"https:\/\/www.docenti.it\/blog\/#website\",\"url\":\"https:\/\/www.docenti.it\/blog\/\",\"name\":\"Blog | Docenti.it\",\"description\":\"Tutte le notizie e gli aggiornamenti dal mondo della scuola\",\"publisher\":{\"@id\":\"https:\/\/www.docenti.it\/blog\/#organization\"},\"potentialAction\":[{\"@type\":\"SearchAction\",\"target\":{\"@type\":\"EntryPoint\",\"urlTemplate\":\"https:\/\/www.docenti.it\/blog\/?s={search_term_string}\"},\"query-input\":\"required name=search_term_string\"}],\"inLanguage\":\"it-IT\"},{\"@type\":\"Organization\",\"@id\":\"https:\/\/www.docenti.it\/blog\/#organization\",\"name\":\"Blog | Docenti.it\",\"url\":\"https:\/\/www.docenti.it\/blog\/\",\"logo\":{\"@type\":\"ImageObject\",\"inLanguage\":\"it-IT\",\"@id\":\"https:\/\/www.docenti.it\/blog\/#\/schema\/logo\/image\/\",\"url\":\"https:\/\/www.docenti.it\/blog\/wp-content\/uploads\/2025\/06\/fb_mad_img.png\",\"contentUrl\":\"https:\/\/www.docenti.it\/blog\/wp-content\/uploads\/2025\/06\/fb_mad_img.png\",\"width\":1140,\"height\":620,\"caption\":\"Blog | Docenti.it\"},\"image\":{\"@id\":\"https:\/\/www.docenti.it\/blog\/#\/schema\/logo\/image\/\"},\"sameAs\":[\"https:\/\/www.facebook.com\/docenti.it\"]},{\"@type\":\"Person\",\"@id\":\"https:\/\/www.docenti.it\/blog\/#\/schema\/person\/99c2fdaf54e96829fe4ed44da8233688\",\"name\":\"Martina Vaggi\",\"image\":{\"@type\":\"ImageObject\",\"inLanguage\":\"it-IT\",\"@id\":\"https:\/\/www.docenti.it\/blog\/#\/schema\/person\/image\/\",\"url\":\"https:\/\/secure.gravatar.com\/avatar\/14a13197979873d693ad915d249e3f54?s=96&d=mm&r=g\",\"contentUrl\":\"https:\/\/secure.gravatar.com\/avatar\/14a13197979873d693ad915d249e3f54?s=96&d=mm&r=g\",\"caption\":\"Martina Vaggi\"},\"description\":\"Classe 1991, copywriter e scrittrice. Nata a Sale, un paesino in provincia di Alessandria. Scrive dall\u2019et\u00e0 di 10 anni. Nel 2015 si laurea in Lettere Moderne presso l\u2019universit\u00e0 di Pavia. Nel 2020 pubblica il suo primo libro \\\"Il diario del silenzio - Storie reali di quarantena\\\" che descrive il processo di cambiamento della vita di 40 persone ai tempi del Covid. Nel 2022 si trasferisce a San Marino per lavorare come copywriter per Docenti.it\",\"sameAs\":[\"https:\/\/pensierisurrealidigentecomune.com\/\",\"https:\/\/www.facebook.com\/profile.php?id=1555867670\",\"https:\/\/www.instagram.com\/martiggi91\/\",\"https:\/\/it.linkedin.com\/in\/martina-vaggi\",\"https:\/\/www.youtube.com\/results?search_query=martina+vaggi\"],\"url\":\"https:\/\/www.docenti.it\/blog\/author\/martina-vaggi\/\"}]}<\/script>\n<!-- \/ Yoast SEO plugin. -->","yoast_head_json":{"title":"Assunzione precari scuola: ecco perch\u00e9 dovresti inviare la tua MAD ora!","description":"Ultime novit\u00e0 riguardo l'assunzione precari scuola: uno dei periodi pi\u00f9 favorevoli per le convocazioni da MAD si sta avvicinando.","robots":{"index":"index","follow":"follow","max-snippet":"max-snippet:-1","max-image-preview":"max-image-preview:large","max-video-preview":"max-video-preview:-1"},"canonical":"https:\/\/www.docenti.it\/blog\/assunzione-precari-scuola-ecco-perche-dovresti-inviare-la-tua-mad-ora\/","og_locale":"it_IT","og_type":"article","og_title":"Assunzione precari scuola: ecco perch\u00e9 dovresti inviare la tua MAD ora!","og_description":"Ultime novit\u00e0 riguardo l'assunzione precari scuola: uno dei periodi pi\u00f9 favorevoli per le convocazioni da MAD si sta avvicinando.","og_url":"https:\/\/www.docenti.it\/blog\/assunzione-precari-scuola-ecco-perche-dovresti-inviare-la-tua-mad-ora\/","og_site_name":"Blog | Docenti.it","article_publisher":"https:\/\/www.facebook.com\/docenti.it","article_author":"https:\/\/www.facebook.com\/profile.php?id=1555867670","article_published_time":"2021-12-01T06:41:00+00:00","article_modified_time":"2021-12-06T17:03:38+00:00","og_image":[{"width":640,"height":427,"url":"https:\/\/www.docenti.it\/blog\/wp-content\/uploads\/2021\/11\/marvin-meyer-SYTO3xs06fU-unsplash.jpg","type":"image\/jpeg"}],"author":"Martina Vaggi","twitter_card":"summary_large_image","twitter_misc":{"Written by":"Martina Vaggi","Est. reading time":"6 minuti"},"schema":{"@context":"https:\/\/schema.org","@graph":[{"@type":"Article","@id":"https:\/\/www.docenti.it\/blog\/assunzione-precari-scuola-ecco-perche-dovresti-inviare-la-tua-mad-ora\/#article","isPartOf":{"@id":"https:\/\/www.docenti.it\/blog\/assunzione-precari-scuola-ecco-perche-dovresti-inviare-la-tua-mad-ora\/"},"author":{"name":"Martina Vaggi","@id":"https:\/\/www.docenti.it\/blog\/#\/schema\/person\/99c2fdaf54e96829fe4ed44da8233688"},"headline":"Assunzione precari scuola: ecco perch\u00e9 dovresti inviare la tua MAD ora!","datePublished":"2021-12-01T06:41:00+00:00","dateModified":"2021-12-06T17:03:38+00:00","mainEntityOfPage":{"@id":"https:\/\/www.docenti.it\/blog\/assunzione-precari-scuola-ecco-perche-dovresti-inviare-la-tua-mad-ora\/"},"wordCount":1226,"commentCount":0,"publisher":{"@id":"https:\/\/www.docenti.it\/blog\/#organization"},"keywords":["MAD online"],"articleSection":["Messa a Disposizione"],"inLanguage":"it-IT","potentialAction":[{"@type":"CommentAction","name":"Comment","target":["https:\/\/www.docenti.it\/blog\/assunzione-precari-scuola-ecco-perche-dovresti-inviare-la-tua-mad-ora\/#respond"]}]},{"@type":"WebPage","@id":"https:\/\/www.docenti.it\/blog\/assunzione-precari-scuola-ecco-perche-dovresti-inviare-la-tua-mad-ora\/","url":"https:\/\/www.docenti.it\/blog\/assunzione-precari-scuola-ecco-perche-dovresti-inviare-la-tua-mad-ora\/","name":"Assunzione precari scuola: ecco perch\u00e9 dovresti inviare la tua MAD ora!","isPartOf":{"@id":"https:\/\/www.docenti.it\/blog\/#website"},"datePublished":"2021-12-01T06:41:00+00:00","dateModified":"2021-12-06T17:03:38+00:00","description":"Ultime novit\u00e0 riguardo l'assunzione precari scuola: uno dei periodi pi\u00f9 favorevoli per le convocazioni da MAD si sta avvicinando.","breadcrumb":{"@id":"https:\/\/www.docenti.it\/blog\/assunzione-precari-scuola-ecco-perche-dovresti-inviare-la-tua-mad-ora\/#breadcrumb"},"inLanguage":"it-IT","potentialAction":[{"@type":"ReadAction","target":["https:\/\/www.docenti.it\/blog\/assunzione-precari-scuola-ecco-perche-dovresti-inviare-la-tua-mad-ora\/"]}]},{"@type":"BreadcrumbList","@id":"https:\/\/www.docenti.it\/blog\/assunzione-precari-scuola-ecco-perche-dovresti-inviare-la-tua-mad-ora\/#breadcrumb","itemListElement":[{"@type":"ListItem","position":1,"name":"Home","item":"https:\/\/www.docenti.it\/blog\/"},{"@type":"ListItem","position":2,"name":"Assunzione precari scuola: ecco perch\u00e9 dovresti inviare la tua MAD ora!"}]},{"@type":"WebSite","@id":"https:\/\/www.docenti.it\/blog\/#website","url":"https:\/\/www.docenti.it\/blog\/","name":"Blog | Docenti.it","description":"Tutte le notizie e gli aggiornamenti dal mondo della scuola","publisher":{"@id":"https:\/\/www.docenti.it\/blog\/#organization"},"potentialAction":[{"@type":"SearchAction","target":{"@type":"EntryPoint","urlTemplate":"https:\/\/www.docenti.it\/blog\/?s={search_term_string}"},"query-input":"required name=search_term_string"}],"inLanguage":"it-IT"},{"@type":"Organization","@id":"https:\/\/www.docenti.it\/blog\/#organization","name":"Blog | Docenti.it","url":"https:\/\/www.docenti.it\/blog\/","logo":{"@type":"ImageObject","inLanguage":"it-IT","@id":"https:\/\/www.docenti.it\/blog\/#\/schema\/logo\/image\/","url":"https:\/\/www.docenti.it\/blog\/wp-content\/uploads\/2025\/06\/fb_mad_img.png","contentUrl":"https:\/\/www.docenti.it\/blog\/wp-content\/uploads\/2025\/06\/fb_mad_img.png","width":1140,"height":620,"caption":"Blog | Docenti.it"},"image":{"@id":"https:\/\/www.docenti.it\/blog\/#\/schema\/logo\/image\/"},"sameAs":["https:\/\/www.facebook.com\/docenti.it"]},{"@type":"Person","@id":"https:\/\/www.docenti.it\/blog\/#\/schema\/person\/99c2fdaf54e96829fe4ed44da8233688","name":"Martina Vaggi","image":{"@type":"ImageObject","inLanguage":"it-IT","@id":"https:\/\/www.docenti.it\/blog\/#\/schema\/person\/image\/","url":"https:\/\/secure.gravatar.com\/avatar\/14a13197979873d693ad915d249e3f54?s=96&d=mm&r=g","contentUrl":"https:\/\/secure.gravatar.com\/avatar\/14a13197979873d693ad915d249e3f54?s=96&d=mm&r=g","caption":"Martina Vaggi"},"description":"Classe 1991, copywriter e scrittrice. Nata a Sale, un paesino in provincia di Alessandria. Scrive dall\u2019et\u00e0 di 10 anni. Nel 2015 si laurea in Lettere Moderne presso l\u2019universit\u00e0 di Pavia. Nel 2020 pubblica il suo primo libro \"Il diario del silenzio - Storie reali di quarantena\" che descrive il processo di cambiamento della vita di 40 persone ai tempi del Covid. Nel 2022 si trasferisce a San Marino per lavorare come copywriter per Docenti.it","sameAs":["https:\/\/pensierisurrealidigentecomune.com\/","https:\/\/www.facebook.com\/profile.php?id=1555867670","https:\/\/www.instagram.com\/martiggi91\/","https:\/\/it.linkedin.com\/in\/martina-vaggi","https:\/\/www.youtube.com\/results?search_query=martina+vaggi"],"url":"https:\/\/www.docenti.it\/blog\/author\/martina-vaggi\/"}]}},"_links":{"self":[{"href":"https:\/\/www.docenti.it\/blog\/wp-json\/wp\/v2\/posts\/9499"}],"collection":[{"href":"https:\/\/www.docenti.it\/blog\/wp-json\/wp\/v2\/posts"}],"about":[{"href":"https:\/\/www.docenti.it\/blog\/wp-json\/wp\/v2\/types\/post"}],"author":[{"embeddable":true,"href":"https:\/\/www.docenti.it\/blog\/wp-json\/wp\/v2\/users\/21"}],"replies":[{"embeddable":true,"href":"https:\/\/www.docenti.it\/blog\/wp-json\/wp\/v2\/comments?post=9499"}],"version-history":[{"count":61,"href":"https:\/\/www.docenti.it\/blog\/wp-json\/wp\/v2\/posts\/9499\/revisions"}],"predecessor-version":[{"id":10132,"href":"https:\/\/www.docenti.it\/blog\/wp-json\/wp\/v2\/posts\/9499\/revisions\/10132"}],"wp:featuredmedia":[{"embeddable":true,"href":"https:\/\/www.docenti.it\/blog\/wp-json\/wp\/v2\/media\/9502"}],"wp:attachment":[{"href":"https:\/\/www.docenti.it\/blog\/wp-json\/wp\/v2\/media?parent=9499"}],"wp:term":[{"taxonomy":"category","embeddable":true,"href":"https:\/\/www.docenti.it\/blog\/wp-json\/wp\/v2\/categories?post=9499"},{"taxonomy":"post_tag","embeddable":true,"href":"https:\/\/www.docenti.it\/blog\/wp-json\/wp\/v2\/tags?post=9499"}],"curies":[{"name":"wp","href":"https:\/\/api.w.org\/{rel}","templated":true}]}}